{"id":1707,"date":"2020-01-05T14:21:35","date_gmt":"2020-01-05T11:21:35","guid":{"rendered":"http:\/\/vine-nn.ru\/aragon\/"},"modified":"2020-01-05T14:21:35","modified_gmt":"2020-01-05T11:21:35","slug":"aragon","status":"publish","type":"post","link":"https:\/\/vine-nn.ru\/sq\/aragon\/","title":{"rendered":"Aragon"},"content":{"rendered":"<p><img decoding=\"async\" src=\"\/wp-content\/uploads\/2753c76030f611c24bae921e43d0957f.png\" \/><\/p>\n<p>\n     <strong>Aragon<\/strong> \u00ebsht\u00eb nj\u00eb nga 17 spanjisht komunitetet Autonome, e vendosur n\u00eb Veri t\u00eb vendit. N\u00eb Lindje t\u00eb Katalonis\u00eb Aragon \u00ebsht\u00eb e vendosur n\u00eb Per\u00ebndim t\u00eb Rioja, Castile dhe Leon, Navarre. E p\u00ebrbashk\u00ebta rajonale p\u00ebr t\u00eb B\u00cbR\u00cb (appellation) n\u00eb Aragon nr.\n <\/p>\n<p>\nNj\u00eb pjes\u00eb e r\u00ebnd\u00ebsishme e ver\u00ebs peizazh i Aragon \u00ebsht\u00eb lugin\u00ebn e lumit Ebro, nj\u00eb nga m\u00eb t\u00eb m\u00ebdhat\u00eb dhe m\u00eb t\u00eb r\u00ebnd\u00ebsishme t\u00eb ujit arteriet e Spanj\u00ebs. E ndar\u00eb ndan ver\u00ebn rajonet e arag\u00f3n: Somontano n\u00eb Veri dhe tri zona t\u00eb vogla n\u00eb Jug.\n<\/p>\n<p>\nN\u00eb qytetin historik t\u00eb Zaragoza \u00ebsht\u00eb kryeqyteti i komunitetit Autonom, e cila \u00ebsht\u00eb sht\u00ebpi p\u00ebr pothuajse gjysm\u00ebn e popullsis\u00eb s\u00eb saj. T\u00eb tjer\u00eb banor\u00eb t\u00eb rajonit, me asnj\u00eb dukshme p\u00ebrqendrime t\u00eb shp\u00ebrndar\u00eb n\u00eb t\u00eb gjith\u00eb territorin e saj.\n<\/p>\n<p>\nSot Aragon \u00ebsht\u00eb nj\u00eb pasardh\u00ebs t\u00eb fuqishme mesjetare t\u00eb Madhe, q\u00eb ka marr\u00eb emrin e saj, e sipas nj\u00eb versioni, nga lumi Aragon n\u00eb territorin e saj, e t\u00eb tjera nga Baske fjal\u00eb aragoi, q\u00eb do t\u00eb thot\u00eb &#8220;i lart\u00eb lugin\u00ebs&#8221;.\n<\/p>\n<p>\nN\u00ebse Aragon p\u00ebr t\u00eb p\u00ebrshkruar n\u00eb nj\u00eb fjal\u00eb, \u00ebsht\u00eb e ndryshme. T\u00eb p\u00ebrshkruara nga t\u00eb dyja an\u00ebt nga kreshtat e malit, peisazhit t\u00eb saj shkon nga bora-mbuluar majat n\u00eb Veri, p\u00ebr dogj\u00ebn nga fushat n\u00eb Jug, kodra jeshile n\u00eb mes.\n<\/p>\n<p>\nBashkim e vjetra dhe t\u00eb reja, \u00ebsht\u00eb tipike dhe e dukshme k\u00ebtu n\u00eb disa aspekte. Nj\u00eb sh\u00ebmbull i gjall\u00eb i Zaragoza, e cila adjoin mesjetare relike si tempull komplekse t\u00eb Nuestra Se\u00f1ora del Pilar dhe thirrja moderne si Pavionin e ur\u00ebs.\n<\/p>\n<p><img decoding=\"async\" src=\"\/wp-content\/uploads\/9d2bd1828f737e9be63586489b5695e0.png\" \/><\/p>\n<p>\nVer\u00eb-Aragon \u2013 e nj\u00ebjta situat\u00eb. Gjen nj\u00eb vend si lasht\u00eb vendasit si varieteteve moristel, dhe e fundit e t\u00eb ardhurve nga nd\u00ebrkomb\u00ebtare t\u00eb varieteteve si Cabernet Sauvignon. Investimet n\u00eb pajisjet moderne dhe teknologji t\u00eb ishin vendimtare n\u00eb ringjalljen e ver\u00ebs n\u00eb tregun n\u00eb rajon dhe n\u00eb shfaqjen e m\u00eb shum\u00eb drit\u00eb, e fresk\u00ebt t\u00eb ver\u00ebrave.\n<\/p>\n<p>\nNga pik\u00ebpamja e ndryshimeve klimatike, Aragon \u2013 zona e ekstremeve. N\u00eb p\u00ebrgjith\u00ebsi, ajo mund t\u00eb p\u00ebrshkruhet si e but\u00eb kontinentale, me nj\u00eb lart\u00ebsi mbi nivelin e detit si p\u00ebrcaktues paramet\u00ebr. Pyrenees male dhe t\u00eb tjera t\u00eb maleve n\u00eb pjes\u00ebn Veriore \u00ebsht\u00eb ftohta, si p\u00ebrkat\u00ebse rajon n\u00eb Jug. Lart\u00ebsia \u00ebsht\u00eb q\u00eb variojn\u00eb nga 500 deri n\u00eb 1000 m N\u00eb pjes\u00ebn Qendrore t\u00eb rajonit lart\u00ebsi \u00ebsht\u00eb ulur n\u00eb 200 m. T\u00eb till\u00eb nj\u00eb gam\u00eb t\u00eb kushteve n\u00eb rritje e rrushit do t\u00eb thot\u00eb nj\u00eb ndryshim t\u00eb r\u00ebnd\u00ebsish\u00ebm n\u00eb stilet e ver\u00ebrave.\n<\/p>\n<p>\nN\u00eb prodhimin e tradicionale ver\u00ebrat e Aragon rol t\u00eb r\u00ebnd\u00ebsish\u00ebm sot \u00ebsht\u00eb luajtur nga m\u00ebdha t\u00eb kooperativave. Zakonisht ato jan\u00eb shitur balkom (si nj\u00eb buxhet ver\u00eb), por tani ata jan\u00eb n\u00eb shishe n\u00eb vend, dhe shpesh ata jan\u00eb t\u00eb p\u00ebrfaq\u00ebsuar nga vera e kuqe bazuar n\u00eb Garnacha. Nd\u00ebr t\u00eb tjera duksh\u00ebm t\u00eb kuqe varieteteve \u2013 Carignan dhe Tempranillo.\n<\/p>\n<p>\nAmbicie dhe vendore t\u00eb nivelit t\u00eb ver\u00ebrave ka sh\u00ebnuar rritje me p\u00ebrfshirjen e territorit t\u00eb Aragon n\u00eb fush\u00ebn e prodhimit t\u00eb Cava, nj\u00eb rritje prej kat\u00ebr territoreve n\u00eb rajon, me statusin e nj\u00eb appellation (A) dhe shfaqjen e vreshtave n\u00eb kategorin\u00eb e &#8220;Pago&#8221; (Ver\u00eb de Pago). <\/p>\n<p>Burimi: portal-Ver\u00eb Searcher \/Jan. 2019 <\/p>\n","protected":false},"excerpt":{"rendered":"<p>Aragon \u00ebsht\u00eb nj\u00eb nga 17 spanjisht komunitetet Autonome, e vendosur n\u00eb Veri t\u00eb vendit. N\u00eb Lindje t\u00eb Katalonis\u00eb Aragon \u00ebsht\u00eb e vendosur n\u00eb&#8230;<\/p>\n","protected":false},"author":1,"featured_media":1268,"comment_status":"closed","ping_status":"closed","sticky":false,"template":"","format":"standard","meta":{"footnotes":""},"categories":[26],"tags":[],"class_list":["post-1707","post","type-post","status-publish","format-standard","has-post-thumbnail","hentry","category-informacion"],"aioseo_notices":[],"_links":{"self":[{"href":"https:\/\/vine-nn.ru\/sq\/wp-json\/wp\/v2\/posts\/1707","targetHints":{"allow":["GET"]}}],"collection":[{"href":"https:\/\/vine-nn.ru\/sq\/wp-json\/wp\/v2\/posts"}],"about":[{"href":"https:\/\/vine-nn.ru\/sq\/wp-json\/wp\/v2\/types\/post"}],"author":[{"embeddable":true,"href":"https:\/\/vine-nn.ru\/sq\/wp-json\/wp\/v2\/users\/1"}],"replies":[{"embeddable":true,"href":"https:\/\/vine-nn.ru\/sq\/wp-json\/wp\/v2\/comments?post=1707"}],"version-history":[{"count":0,"href":"https:\/\/vine-nn.ru\/sq\/wp-json\/wp\/v2\/posts\/1707\/revisions"}],"wp:featuredmedia":[{"embeddable":true,"href":"https:\/\/vine-nn.ru\/sq\/wp-json\/wp\/v2\/media\/1268"}],"wp:attachment":[{"href":"https:\/\/vine-nn.ru\/sq\/wp-json\/wp\/v2\/media?parent=1707"}],"wp:term":[{"taxonomy":"category","embeddable":true,"href":"https:\/\/vine-nn.ru\/sq\/wp-json\/wp\/v2\/categories?post=1707"},{"taxonomy":"post_tag","embeddable":true,"href":"https:\/\/vine-nn.ru\/sq\/wp-json\/wp\/v2\/tags?post=1707"}],"curies":[{"name":"wp","href":"https:\/\/api.w.org\/{rel}","templated":true}]}}