{"id":1705,"date":"2020-01-05T14:20:36","date_gmt":"2020-01-05T11:20:36","guid":{"rendered":"http:\/\/vine-nn.ru\/valencia\/"},"modified":"2020-01-05T14:20:36","modified_gmt":"2020-01-05T11:20:36","slug":"valencia","status":"publish","type":"post","link":"https:\/\/vine-nn.ru\/sq\/valencia\/","title":{"rendered":"Valencia"},"content":{"rendered":"<p>\n    <strong>Valencia<\/strong> (Valencia) \u2013 nj\u00eb nga 17 komunitetet Autonome t\u00eb Spanj\u00ebs, i famshem per paella dhe portokall se vera. E vendosur n\u00eb Diell bregun Lindor t\u00eb vendit, e cila kufizohet nga Katalonia n\u00eb Veri dhe Murcia n\u00eb Jug.\n<\/p>\n<p><img decoding=\"async\" src=\"\/wp-content\/uploads\/94e91c7c9a508bd1077e9f267e7a4ddf.jpg\" \/><\/p>\n<p>Qendra administrative e Valencia mban t\u00eb nj\u00ebjtin em\u00ebr dhe \u00ebsht\u00eb nj\u00eb port i madh, qyteti i tret\u00eb m\u00eb t\u00eb madh t\u00eb popullsis\u00eb n\u00eb Spanj\u00eb.\n <\/p>\n<p>Prova arkeologjike d\u00ebshmon ekzistenc\u00ebn e ver\u00ebs n\u00eb rajon p\u00ebr m\u00eb shum\u00eb se 1000 vjet m\u00eb par\u00eb, por nj\u00eb i duksh\u00ebm rolin n\u00eb ver\u00eb harta e bot\u00ebs Valencia kurr\u00eb nuk ka luajtur. N\u00eb vitet e fundit k\u00ebtu jan\u00eb m\u00eb shum\u00eb t\u00eb fokusuar te sasia se n\u00eb cil\u00ebsin\u00eb e ver\u00ebs. Edhe pse tani jan\u00eb p\u00ebrpjekjet p\u00ebr t\u00eb ndryshuar situat\u00ebn.<\/p>\n<h2>E appellations dhe gjeografia<\/h2>\n<p>\n P\u00ebrve\u00e7 P\u00ebrgjithshme rajonale appellation <b>Valencia t\u00eb B\u00cbJ\u00cb<\/b>, brenda kufijve t\u00eb rajonit n\u00ebnrajonale Utiel-Requena t\u00eb B\u00cbJ\u00cb Alicante t\u00eb B\u00cbJ\u00cb. Dhe ja pse-kjo \u00ebsht\u00eb nj\u00eb territor q\u00eb jan\u00eb t\u00eb autorizuara p\u00ebr prodhimin e vera e gazuar e Cava t\u00eb B\u00cbJ\u00cb.\n <\/p>\n<p>P\u00ebrbashk\u00ebt appellation t\u00eb B\u00cbJ\u00cb Valencia, duke p\u00ebrfshir\u00eb rreth 13,000 hektar\u00eb vreshta, gjeografikisht p\u00ebrb\u00ebhet nga dy pjes\u00eb t\u00eb pabarabart\u00eb:<\/p>\n<ul>\n<li>M\u00eb t\u00eb vog\u00ebl t\u00eb quajtur Clarino (Clarino) \u2013 abuts Veri buz\u00eb t\u00eb zon\u00ebs s\u00eb Alicante (Alicante t\u00eb B\u00cbJ\u00cb). K\u00ebtu rregull &#8220;mishi&#8221; vera e kuqe e varieteteve t\u00eb monastrell, Tempranillo, Cabernet Sauvignon dhe Merlot.<\/li>\n<li>Nj\u00eb pjes\u00eb t\u00eb madhe t\u00eb mbetur zon\u00eb, e cila \u00ebsht\u00eb pjesa kryesore e vreshtave e Valencia. Ajo shkon thell\u00eb n\u00eb Gadishull dhe q\u00ebndron n\u00eb Iberian mountain range.\n<\/li>\n<\/ul>\n<p>\nAjo \u00ebsht\u00eb gjeografikisht. Dhe nga pik\u00ebpamja e ver\u00ebs, Valencia mund t\u00eb ndahet n\u00eb tre n\u00ebn-zona:<\/p>\n<li>Alto Turia (Alto Turia), t\u00eb vendosura rreth 70 kilometra n\u00eb Veri-Lindje nga Valencia. Si\u00e7 sugjeron emri, \u00ebsht\u00eb nj\u00eb zon\u00eb malore, t\u00eb p\u00ebrq\u00ebndruar rreth pjes\u00ebt e sip\u00ebrme t\u00eb lumit Turia. Lokale vreshta t\u00eb rriten n\u00eb lart\u00ebsi prej 700 deri 1100 metra mbi nivelin e detit, duke e b\u00ebr\u00eb Alto Turia vet\u00eb i gjat\u00eb dhe i ftoht\u00eb subzones t\u00eb B\u00cbJ\u00cb Valencia. Pra, kjo \u00ebsht\u00eb m\u00eb e p\u00ebrshtatshme p\u00ebr prodhimin e that\u00eb vera e bardh\u00eb. Ajo \u00ebsht\u00eb e dominuar nga variantet macabeo dhe lokale merseguera (Merseguera).<\/li>\n<li>\n Rrjedha e poshtme e lumit Turia \u00ebsht\u00eb e dyta ver\u00eb prodhimin e zon\u00ebs, p\u00ebr t\u00eb njohur e saj t\u00eb \u00ebmb\u00ebl ver\u00ebrave Moscatel de Valencia (Moscatel de Valencia). K\u00ebtu vreshtat shtrihen n\u00eb lart\u00ebsit\u00eb e nga 150 n\u00eb 400 metra. Edhe pse ka disa ngroht\u00eb sesa n\u00eb Alto Turia, vreshta ndihmon t\u00eb ftoht\u00eb meze nga t\u00eb Mesdheut. Bazuar n\u00eb t\u00eb shk\u00eblqyer lokale \u00ebmb\u00eblsir\u00eb ver\u00ebrave Muscat t\u00eb Aleksandris\u00eb g\u00ebnjeshtra.<\/li>\n<li>\n Lindore buz\u00eb lugin\u00ebs s\u00eb lumit Turia zon\u00ebs Valentino (Valentino), ku gam\u00eb t\u00eb ver\u00ebrave \u00ebsht\u00eb shum\u00eb m\u00eb i gjer\u00eb se sa n\u00eb vendet fqinje. Si nuk lokale t\u00eb bardh\u00eb nga macabeo dhe merseguera dhe nd\u00ebrkomb\u00ebtare Chardonnay dhe Semillon (Semillon). N\u00eb t\u00eb kuq \u00ebsht\u00eb e dominuar nga Garnacha (Grenache), Tempranillo, Cabernet Sauvignon dhe Merlot.<\/li>\n<h2>Stilet e ver\u00ebs<\/h2>\n<p>\n Tradicionale t\u00eb ver\u00ebs nga Valencia portofolit p\u00ebrb\u00ebhet nga nj\u00eb gam\u00eb t\u00eb gjer\u00eb t\u00eb ver\u00ebrave nga drita t\u00eb kuqe, t\u00eb bardh\u00eb dhe t\u00eb kuq t\u00eb r\u00ebnd\u00eb t\u00eb mishit t\u00eb kuq dhe nj\u00eb fortifikuara Muscat.\n <\/p>\n<p>Sot \u00ebsht\u00eb e pamundur p\u00ebr t\u00eb identifikuar nj\u00eb stil t\u00eb ver\u00ebs, tipike e Valencia si nj\u00eb e t\u00ebr\u00eb. Megjithat\u00eb, nj\u00eb tendenc\u00eb t\u00eb dukshme p\u00ebr t\u00eb rritur prodhimin e ver\u00ebrave t\u00eb cil\u00ebsis\u00eb, \u00ebsht\u00eb balkovich n\u00eb t\u00eb cil\u00ebn rajoni ka specializuar nj\u00eb pjes\u00eb t\u00eb r\u00ebnd\u00ebsishme t\u00eb shekullit t\u00eb 20-t\u00eb. K\u00ebrkim t\u00eb stilit, t\u00eb dukshme k\u00ebtu n\u00eb fije t\u00eb pasur, me shije frute vera e kuqe bazuar n\u00eb monastrell. Nj\u00eb num\u00ebr i punishtet e ver\u00ebs n\u00eb p\u00ebrputhje me moderne preferencat e konsumator\u00ebve t\u00eb prodhuar t\u00eb fresk\u00ebt t\u00eb kuqe t\u00eb mosh\u00ebs n\u00eb lis. <\/p>\n<p>Burimi: wine-searcher.com \/Korrik 2019 <\/p>\n","protected":false},"excerpt":{"rendered":"<p>Valencia (Valencia) \u2013 nj\u00eb nga 17 komunitetet Autonome t\u00eb Spanj\u00ebs, i famshem per paella dhe portokall se vera. E vendosur n\u00eb Diell bregun&#8230;<\/p>\n","protected":false},"author":1,"featured_media":1268,"comment_status":"closed","ping_status":"closed","sticky":false,"template":"","format":"standard","meta":{"footnotes":""},"categories":[26],"tags":[],"class_list":["post-1705","post","type-post","status-publish","format-standard","has-post-thumbnail","hentry","category-informacion"],"aioseo_notices":[],"_links":{"self":[{"href":"https:\/\/vine-nn.ru\/sq\/wp-json\/wp\/v2\/posts\/1705","targetHints":{"allow":["GET"]}}],"collection":[{"href":"https:\/\/vine-nn.ru\/sq\/wp-json\/wp\/v2\/posts"}],"about":[{"href":"https:\/\/vine-nn.ru\/sq\/wp-json\/wp\/v2\/types\/post"}],"author":[{"embeddable":true,"href":"https:\/\/vine-nn.ru\/sq\/wp-json\/wp\/v2\/users\/1"}],"replies":[{"embeddable":true,"href":"https:\/\/vine-nn.ru\/sq\/wp-json\/wp\/v2\/comments?post=1705"}],"version-history":[{"count":0,"href":"https:\/\/vine-nn.ru\/sq\/wp-json\/wp\/v2\/posts\/1705\/revisions"}],"wp:featuredmedia":[{"embeddable":true,"href":"https:\/\/vine-nn.ru\/sq\/wp-json\/wp\/v2\/media\/1268"}],"wp:attachment":[{"href":"https:\/\/vine-nn.ru\/sq\/wp-json\/wp\/v2\/media?parent=1705"}],"wp:term":[{"taxonomy":"category","embeddable":true,"href":"https:\/\/vine-nn.ru\/sq\/wp-json\/wp\/v2\/categories?post=1705"},{"taxonomy":"post_tag","embeddable":true,"href":"https:\/\/vine-nn.ru\/sq\/wp-json\/wp\/v2\/tags?post=1705"}],"curies":[{"name":"wp","href":"https:\/\/api.w.org\/{rel}","templated":true}]}}