{"id":1698,"date":"2020-01-05T14:17:26","date_gmt":"2020-01-05T11:17:26","guid":{"rendered":"http:\/\/vine-nn.ru\/navarre\/"},"modified":"2020-01-05T14:17:26","modified_gmt":"2020-01-05T11:17:26","slug":"navarre","status":"publish","type":"post","link":"https:\/\/vine-nn.ru\/sq\/navarre\/","title":{"rendered":"Navarre"},"content":{"rendered":"<p><img decoding=\"async\" src=\"\/wp-content\/uploads\/51f95331c3804f6b345612ec6fc42144.png\" \/><\/p>\n<p> <strong><br \/>\nNavarre<\/strong> (Navarra) \u00ebsht\u00eb nj\u00eb nga 17 t\u00eb m\u00ebdha administrative rajoneve t\u00eb Spanj\u00ebs dhe t\u00eb nj\u00ebjtin em\u00ebr ver\u00eb rajoni n\u00eb Veri t\u00eb vendit.\n<\/p>\n<p>\nTradicionalisht Navarre ishte e lidhur me nj\u00eb g\u00ebzuar t\u00eb kuq t\u00eb ver\u00ebrave nga Garnacha me nj\u00eb buqet\u00eb me shije frute, por tani gjithnj\u00eb e m\u00eb shum\u00eb t\u00ebrheq v\u00ebmendjen e saj e kuqe, e ver\u00ebrave t\u00eb cil\u00ebsis\u00eb s\u00eb lart\u00eb nga Tempranillo, Cabernet Sauvignon dhe Merlot, e cila gradualisht \u00ebsht\u00eb duke dal\u00eb nga hija e saj t\u00eb famshme t\u00eb af\u00ebrmit Rioja.\n<\/p>\n<p>\nP\u00ebrmendja e par\u00eb e ver\u00ebs n\u00eb k\u00ebt\u00eb rajon, i p\u00ebrkasin era Romake, por \u00ebsht\u00eb e qart\u00eb se rrushi ishin t\u00eb zakonshme k\u00ebtu shum\u00eb koh\u00eb para se:\n<\/p>\n<p class=\"thesis\">\nN\u00eb Navarre ende t\u00eb rritet rrushi e prehistorik Vitis llojeve t\u00eb sylvestris, paraardh\u00ebsi i bashk\u00ebkohore kultivohet hardhia e Vitis vinifera.\n<\/p>\n<p>\nPas Romak\u00ebve lokale ver\u00ebs ishte vazhduar nga Moors, dhe pastaj mori zhvillim i r\u00ebnd\u00ebsish\u00ebm me t\u00eb Krishter\u00ebt. K\u00ebrkesa p\u00ebr vendor t\u00eb ver\u00ebs \u00ebsht\u00eb ushqyer nga shtegtar\u00eb Katolik, ishte n\u00eb rrug\u00ebn e tij p\u00ebrgjat\u00eb Camino de Santiago n\u00eb Galician qytetin e Santiago t\u00eb kompostel\u00ebs, ku sipas legjend\u00ebs \u00ebsht\u00eb varri i Sh\u00ebn Jakobit.\n<\/p>\n<p>\nN\u00eb 14-t\u00eb t\u00eb shekullit t\u00eb ishte nj\u00eb bum t\u00eb v\u00ebrtet\u00eb e ver\u00ebs n\u00eb Navarra, kur sip\u00ebrfaqja e vreshtave \u00ebsht\u00eb rritur aq shum\u00eb sa q\u00eb un\u00eb kam p\u00ebr t\u00eb marr\u00eb masa kufizuese p\u00ebr t\u00eb mbajtur tok\u00eb t\u00eb punueshme n\u00ebn bar, p\u00ebr t\u00eb mos l\u00ebn\u00eb popullat\u00ebn lokale pa ushqim.\n<\/p>\n<p>\nN\u00eb fund t\u00eb shekullit t\u00eb 19 \u2013 p\u00ebrs\u00ebri shp\u00ebrthyese k\u00ebrkes\u00ebs, n\u00eb k\u00ebt\u00eb koh\u00eb t\u00eb shkaktuara nga shp\u00ebrthimi n\u00eb Franc\u00eb nga nga filokser\u00eb epidemi. Por k\u00ebt\u00eb hir n\u00eb t\u00eb nuk zgjati shum\u00eb, sepse shum\u00eb shpejt ajo Navarra ra viktim\u00eb e k\u00ebtij pest, duke humbur nj\u00eb pjes\u00eb t\u00eb konsiderueshme t\u00eb tyre me vreshta. Si kudo, kishte p\u00ebr marrje ryshfeti lokale rrush p\u00ebr nga filokser\u00eb-rezistente Amerikan rr\u00ebnj\u00ebt, dhe k\u00ebshtu, do t\u00eb ishte n\u00eb gjendje gradualisht p\u00ebr t\u00eb rivendosur vreshtave dhe prodhimi i ver\u00ebs.\n<\/p>\n<h2>E appellations dhe n\u00ebn-rajone t\u00eb Navarra<\/h2>\n<p>\nN\u00eb Navarra ka vet\u00ebm nj\u00eb t\u00eb p\u00ebrbashk\u00ebt appellation (sekt) \u2013 <strong>A Navarra<\/strong>, i krijuar n\u00eb vitin 1933 dhe mbulon t\u00eb gjith\u00eb gjysm\u00ebn jugore t\u00eb rajonit (pothuajse t\u00eb gjith\u00eb territorin n\u00eb Jug t\u00eb lumit administrative t\u00eb kryeqytetit, qyteti i Pamplona). A ky \u00ebsht\u00eb i qeverisur nga nj\u00eb lokal K\u00ebshilli drejtues (Consejo Regulador), t\u00eb vendosura n\u00eb qytetin e vog\u00ebl t\u00eb Olite.\n<\/p>\n<p>\nN\u00eb gjeografin\u00eb e Navarra \u00ebsht\u00eb e ndryshme. Zhvillimin e hardhis\u00eb dhe e pjekjes s\u00eb rrushit \u00ebsht\u00eb i ndikuar nga af\u00ebrsia me Gjirin Biscay n\u00eb Veriper\u00ebndim, Pyrenees n\u00eb veri-lindje dhe lumit Ebro. S\u00eb bashku me ndikimin e klim\u00ebs Mesdhetare, ato formojn\u00eb karakterin e lokale t\u00eb ver\u00ebrave.\n<\/p>\n<p>\nT\u00eb tilla nj\u00eb larmi t\u00eb madhe e gjeografike, faktor\u00ebt q\u00eb \u00e7uan n\u00eb identifikimin e pes\u00eb n\u00ebn-zonat e ver\u00ebs n\u00eb Navarra:\n<\/p>\n<li>Baja Montana (MT Baja) n\u00eb Veri-Lindje<\/li>\n<li>Valdizarbe (Valdizarbe) n\u00eb Veri <\/li>\n<li>N\u00eb Tierra Estella (Tierra Estella), n\u00eb Veri-Per\u00ebndim<\/li>\n<li>Alta Ribera (Ribera Alta) n\u00eb qend\u00ebr, n\u00eb Veri t\u00eb lumit Ebro<\/li>\n<li>Baja Ribera (Ribera Baja), n\u00eb Jug, af\u00ebr lumit Ebro<\/li>\n<p><img decoding=\"async\" src=\"\/wp-content\/uploads\/e689d3f4e5900caf87881c248a64b9be.png\" \/><\/p>\n<p>\nNj\u00eb cop\u00eb t\u00eb vog\u00ebl administrative n\u00eb territorin e Navarra bie brenda kufijve t\u00eb ver\u00ebs zon\u00ebn e La Rioja (DOC Rioja).\n<\/p>\n<h2>Ver\u00ebrat E Navarra<\/h2>\n<p>\nTradicionale par\u00eb e ver\u00ebs n\u00eb Navarra lidhur me roz\u00eb vera (rosado), ve\u00e7an\u00ebrisht i suksessh\u00ebm i cili ishte prodhuar nga Garnacha. Ajo \u00ebsht\u00eb kryesisht e that\u00eb mostra me e theksuar me shije frute sh\u00ebnime, edhe t\u00eb kombinuar me kuzhin\u00ebn lokale.\n<\/p>\n<p>\nSuksesi i ver\u00ebrave bazuar n\u00eb Tempranillo inkurajuar shum\u00eb lokale ver\u00ebb\u00ebr\u00ebsit p\u00ebr t\u00eb b\u00ebr\u00eb p\u00ebrdorimin m\u00eb t\u00eb madh t\u00eb k\u00ebtij njohur spanjolle t\u00eb preferuarat e tyre e ver\u00ebrave dhe tani ajo fillon t\u00eb duksh\u00ebm e kufizojn\u00eb ish-udh\u00ebheq\u00ebsi i Garnacha n\u00eb prodhimin planet.\n<\/p>\n<p class=\"thesis\">\nTrendi i tanish\u00ebm n\u00eb rajon \u2013 intensive ver\u00eb t\u00eb kuqe me nj\u00eb buqet\u00eb me shije frute, por pa ndikimin e lisi.\n<\/p>\n<p>\nP\u00ebrve\u00e7 Tempranillo dhe Garnacha, n\u00eb mesin e mir\u00eb varietal eksperimente t\u00eb rajonit \u2013 ver\u00ebrave nga Cabernet Sauvignon, Merlot dhe Pinot Noir.\n<\/p>\n<p>\nNj\u00eb num\u00ebr shum\u00eb i vog\u00ebl i vera e bardh\u00eb e Navarra \u00ebsht\u00eb kryesisht e Chardonnay, viura dhe Garnacha Blanca.\n<\/p>\n<p>\nRregullat A Navarra gjithashtu lejojn\u00eb prodhimin e natyrshme e \u00ebmb\u00ebl t\u00eb ver\u00ebrave nga e Moscatel varieteteve.\n<\/p>\n<p>\nInvestimet n\u00eb pajisjet moderne, p\u00ebrdorimin e nd\u00ebrkomb\u00ebtare varieteteve t\u00eb rrushit dhe p\u00ebrpjekjet e disa t\u00eb guximsh\u00ebm dhe ver\u00ebb\u00ebr\u00ebsit ka \u00e7uar n\u00eb lindjen e stile t\u00eb reja t\u00eb ver\u00eb n\u00eb Navarre, dhe e b\u00ebri rajonin interesante p\u00ebr m\u00eb shum\u00eb njohje.<\/p>\n","protected":false},"excerpt":{"rendered":"<p>Navarre (Navarra) \u00ebsht\u00eb nj\u00eb nga 17 t\u00eb m\u00ebdha administrative rajoneve t\u00eb Spanj\u00ebs dhe t\u00eb nj\u00ebjtin em\u00ebr ver\u00eb rajoni n\u00eb Veri t\u00eb vendit. Tradicionalisht&#8230;<\/p>\n","protected":false},"author":1,"featured_media":1268,"comment_status":"closed","ping_status":"closed","sticky":false,"template":"","format":"standard","meta":{"footnotes":""},"categories":[26],"tags":[],"class_list":["post-1698","post","type-post","status-publish","format-standard","has-post-thumbnail","hentry","category-informacion"],"aioseo_notices":[],"_links":{"self":[{"href":"https:\/\/vine-nn.ru\/sq\/wp-json\/wp\/v2\/posts\/1698","targetHints":{"allow":["GET"]}}],"collection":[{"href":"https:\/\/vine-nn.ru\/sq\/wp-json\/wp\/v2\/posts"}],"about":[{"href":"https:\/\/vine-nn.ru\/sq\/wp-json\/wp\/v2\/types\/post"}],"author":[{"embeddable":true,"href":"https:\/\/vine-nn.ru\/sq\/wp-json\/wp\/v2\/users\/1"}],"replies":[{"embeddable":true,"href":"https:\/\/vine-nn.ru\/sq\/wp-json\/wp\/v2\/comments?post=1698"}],"version-history":[{"count":0,"href":"https:\/\/vine-nn.ru\/sq\/wp-json\/wp\/v2\/posts\/1698\/revisions"}],"wp:featuredmedia":[{"embeddable":true,"href":"https:\/\/vine-nn.ru\/sq\/wp-json\/wp\/v2\/media\/1268"}],"wp:attachment":[{"href":"https:\/\/vine-nn.ru\/sq\/wp-json\/wp\/v2\/media?parent=1698"}],"wp:term":[{"taxonomy":"category","embeddable":true,"href":"https:\/\/vine-nn.ru\/sq\/wp-json\/wp\/v2\/categories?post=1698"},{"taxonomy":"post_tag","embeddable":true,"href":"https:\/\/vine-nn.ru\/sq\/wp-json\/wp\/v2\/tags?post=1698"}],"curies":[{"name":"wp","href":"https:\/\/api.w.org\/{rel}","templated":true}]}}