{"id":1696,"date":"2020-01-05T14:16:28","date_gmt":"2020-01-05T11:16:28","guid":{"rendered":"http:\/\/vine-nn.ru\/rias-baixas\/"},"modified":"2020-01-05T14:16:28","modified_gmt":"2020-01-05T11:16:28","slug":"rias-baixas","status":"publish","type":"post","link":"https:\/\/vine-nn.ru\/sq\/rias-baixas\/","title":{"rendered":"RIAs Baixas"},"content":{"rendered":"<p><img decoding=\"async\" src=\"\/wp-content\/uploads\/ef02a7d6edf715ddb00b0f3ab72254ca.png\" \/><\/p>\n<p>\n\t  <strong>RIAs Baixas<\/strong> (RIAs Baixas, Rias baixas) \u2013 zona e ver\u00ebs t\u00eb B\u00cbJ\u00cb me statusin n\u00eb spanjisht rajonin e Luanit n\u00eb bregun e Atlantikut. Ajo mori emrin e vet nga prerja e kat\u00ebr estuaries \u2013 &#8220;RIAs&#8221;. E r\u00edas Baixas do t\u00eb thot\u00eb &#8220;e poshtme t\u00eb lumit&#8221;.\n <\/p>\n<p>\nPavar\u00ebsisht nga rinia e tij (t\u00eb klasifikuara n\u00eb vitin 1988), RIAs Baixas ka shpejt fitoi popullaritet fal\u00eb p\u00ebrpjekjeve t\u00eb nj\u00eb numri iniciativ\u00eb t\u00eb prodhuesit t\u00eb cil\u00ebt kan\u00eb arritur t\u00eb aplikojn\u00eb moderne p\u00ebrparimet n\u00eb ver\u00ebs dhe p\u00ebr t\u00eb zbuluar potencialin e rajonit e saj me anije albari\u00f1o.\n<\/p>\n<p>\nRajoni \u00ebsht\u00eb i ndar\u00eb n\u00eb 5 n\u00ebn-zonat dhe shkon p\u00ebrgjat\u00eb spanjisht bregdetin Atlantik nga Santiago de Compostella n\u00eb Jug t\u00eb portugez kufitare n\u00eb Veri. Rreth 100 km n\u00eb nj\u00eb vij\u00eb t\u00eb drejt\u00eb.\n<\/p>\n<p>\nFqinj\u00ebt (Ribeiro n\u00eb Lindje dhe portugalisht Vinho Verde n\u00eb Jug), ajo q\u00eb e b\u00ebn t\u00eb p\u00ebrgjithsh\u00ebm stil ver\u00eb t\u00eb bardh\u00eb: &#8220;angullu\u00ebs&#8221;, nj\u00eb fresk\u00ebta, aromatike, e dominuar nga albari\u00f1o.\n<\/p>\n<p>\nNuk \u00ebsht\u00eb \u00e7udi, moti k\u00ebtu b\u00ebn af\u00ebrsia e oqeanit Atlantik. Mesatarja vjetore e reshjeve \u00ebsht\u00eb shum\u00eb e lart\u00eb, nganj\u00ebher\u00eb tejkalon 1800 mm. Mjegull, dhe mjegull nga deti edhe t\u00eb kontribuoj\u00eb.\n<\/p>\n<h2>Vera RIAs Baixas<\/h2>\n<p>\nMe lag\u00ebshti t\u00eb ftoht\u00eb klima \u00ebsht\u00eb arsyeja p\u00ebr suksesin e albari\u00f1o, i cili n\u00eb rrethana t\u00eb tilla, arrin t\u00eb mbaj\u00eb freskuese aciditetit dhe ver\u00ebrat jan\u00eb t\u00eb mahnitshme ver\u00ebra q\u00eb jan\u00eb shenj\u00eb dalluese e lokale t\u00eb bardh\u00ebt. Dhe granit tok\u00ebs u jep atyre t\u00eb ashtuquajtur minerality.\n<\/p>\n<p class=\"thesis\">\nP\u00ebr shembuj t\u00eb mir\u00eb t\u00eb ver\u00ebs RIAs Baixas karakterizohet nga aroma intensive dhe t\u00eb k\u00ebndshme gjat\u00eb t\u00eb q\u00ebndrueshme lules am\u00ebz, ndonj\u00ebher\u00eb t\u00eb plot\u00ebsohet me nj\u00eb mezi t\u00eb dukshme mbetur t\u00eb dioksidit t\u00eb karbonit.\n<\/p>\n<p>\nEnde, terroir dallimet e ndryshme, <b>n\u00ebn-zonat e RIAs Baixas<\/b>. Ka pes\u00eb prej tyre: Val a Saln\u00e9s, Condado b\u00ebni \u00c7aj, O Rosal, Soutomaior dhe Ribera a Ulla.\n<\/p>\n<p><img decoding=\"async\" src=\"\/wp-content\/uploads\/470be8ec7d51cca9567b062dfe5ed3eb.png\" \/><\/p>\n<p class=\"remark\">N\u00ebn-zon\u00eb e RIAs Baixas<\/p>\n<p>\nM\u00eb t\u00eb r\u00ebnd\u00ebsishme konsiderohen si Val a Salnes, O Rosal, e cila \u00ebsht\u00eb e vendosur direkt n\u00eb bregdet.<\/p>\n<p>\n<strong>Val p\u00ebr Salnes<\/strong> (Val a Saln\u00e9s) \u2013 m\u00eb t\u00eb vjet\u00ebr t\u00eb zon\u00ebs, i cili \u00ebsht\u00eb konsideruar vendlindja e Albarino rrushit. E ftoht\u00eb dhe e lag\u00ebsht e t\u00eb gjith\u00eb atyre. Vreshtat e saj t\u00eb mbuluar t\u00eb but\u00eb shpatet dhe fushat n\u00eb lugin\u00ebn e lumit Umia (Ria Umia).\n<\/p>\n<p>\n<strong>N\u00eb Rosal<\/strong> (O Rosal) \u2013 n\u00eb t\u00eb kund\u00ebrt\u00ebn, mbulohen nga tarracat n\u00eb shpatet me t\u00eb cilat p\u00ebrballet lumit Minho dhe t\u00eb portugez rajonin e Vinho Verde. Fshat peshkimi i Guarda \u00ebsht\u00eb shum\u00eb piktoresk vend, t\u00eb p\u00ebrsosur p\u00ebr nj\u00eb nge prov\u00eb ver\u00eb dhe kuzhin\u00eb t\u00eb rajonit.\n<\/p>\n<p>\n<strong>Sotomayor<\/strong> (Soutomaior) \u00ebsht\u00eb m\u00eb i vog\u00ebl nga n\u00ebn-fusha ishte n\u00eb vitin 1996.\n<\/p>\n<p>\n<strong>Condado t\u00eb Thea<\/strong> (Condado b\u00ebni \u00c7aj) dhe Ribera t\u00eb Zgjua (Ribera a Ulla) \u00ebsht\u00eb e vendosur n\u00eb brend\u00ebsi t\u00eb Gadishullit dhe nuk \u00ebsht\u00eb m\u00eb e ngroht\u00eb se sa n\u00eb pjes\u00ebt e tjera t\u00eb r\u00edas Baixas.\n<\/p>\n<p>\nVer\u00eb nga nj\u00eb t\u00eb ve\u00e7ant\u00eb n\u00ebn-zon\u00eb mund t\u00eb etiketohen n\u00eb p\u00ebrputhje me rrethanat. Varietal p\u00ebrb\u00ebrjen mund t\u00eb ndryshoj\u00eb. Por t\u00eb gjitha ver\u00ebrat A Rias Baixas duhet t\u00eb ket\u00eb s\u00eb paku 70% albari\u00f1o. Pjesa tjet\u00ebr mund t\u00eb jet\u00eb e p\u00ebrb\u00ebr\u00eb nga trajadura (Treixadura), torrontes (Torrontes), Loureiro (Loureiro) dhe caino Blanco (Cai\u00f1o Blanco) \u2013 t\u00eb rralla autoktone Galicia, i cili shpesh \u00ebsht\u00eb i gabuar p\u00ebr Albarino.\n<\/p>\n<p>\n<b>Disa kuqe<\/b> ver\u00ebrat jan\u00eb prodhuar edhe k\u00ebtu, kryesisht nga t\u00eb varieteteve t\u00eb Mencia dhe Sousa (port. vignau) <\/p>\n","protected":false},"excerpt":{"rendered":"<p>RIAs Baixas (RIAs Baixas, Rias baixas) \u2013 zona e ver\u00ebs t\u00eb B\u00cbJ\u00cb me statusin n\u00eb spanjisht rajonin e Luanit n\u00eb bregun e Atlantikut&#8230;.<\/p>\n","protected":false},"author":1,"featured_media":1268,"comment_status":"closed","ping_status":"closed","sticky":false,"template":"","format":"standard","meta":{"footnotes":""},"categories":[26],"tags":[],"class_list":["post-1696","post","type-post","status-publish","format-standard","has-post-thumbnail","hentry","category-informacion"],"aioseo_notices":[],"_links":{"self":[{"href":"https:\/\/vine-nn.ru\/sq\/wp-json\/wp\/v2\/posts\/1696","targetHints":{"allow":["GET"]}}],"collection":[{"href":"https:\/\/vine-nn.ru\/sq\/wp-json\/wp\/v2\/posts"}],"about":[{"href":"https:\/\/vine-nn.ru\/sq\/wp-json\/wp\/v2\/types\/post"}],"author":[{"embeddable":true,"href":"https:\/\/vine-nn.ru\/sq\/wp-json\/wp\/v2\/users\/1"}],"replies":[{"embeddable":true,"href":"https:\/\/vine-nn.ru\/sq\/wp-json\/wp\/v2\/comments?post=1696"}],"version-history":[{"count":0,"href":"https:\/\/vine-nn.ru\/sq\/wp-json\/wp\/v2\/posts\/1696\/revisions"}],"wp:featuredmedia":[{"embeddable":true,"href":"https:\/\/vine-nn.ru\/sq\/wp-json\/wp\/v2\/media\/1268"}],"wp:attachment":[{"href":"https:\/\/vine-nn.ru\/sq\/wp-json\/wp\/v2\/media?parent=1696"}],"wp:term":[{"taxonomy":"category","embeddable":true,"href":"https:\/\/vine-nn.ru\/sq\/wp-json\/wp\/v2\/categories?post=1696"},{"taxonomy":"post_tag","embeddable":true,"href":"https:\/\/vine-nn.ru\/sq\/wp-json\/wp\/v2\/tags?post=1696"}],"curies":[{"name":"wp","href":"https:\/\/api.w.org\/{rel}","templated":true}]}}