{"id":1689,"date":"2020-01-05T14:13:00","date_gmt":"2020-01-05T11:13:00","guid":{"rendered":"http:\/\/vine-nn.ru\/spanjisht-pago\/"},"modified":"2020-01-05T14:13:00","modified_gmt":"2020-01-05T11:13:00","slug":"spanjisht-pago","status":"publish","type":"post","link":"https:\/\/vine-nn.ru\/sq\/spanjisht-pago\/","title":{"rendered":"Spanjisht &#8220;Pago&#8221;"},"content":{"rendered":"<p class=\"cite\">\n Nj\u00eb model t\u00eb nd\u00ebrlikuar Evropian ver\u00eb klasifikimet mund t\u00eb hyj\u00eb n\u00eb nj\u00eb shtangie. K\u00ebtu \u00ebsht\u00eb nj\u00eb tjet\u00ebr rrudh\u00eb n\u00eb t\u00eb rrudhur n\u00eb pasiguri e ballit.\n <\/p>\n<p><img decoding=\"async\" src=\"\/wp-content\/uploads\/6a2b478acb0faef03c377041b3d3959a.jpg\" \/><\/p>\n<p>\nM\u00eb t\u00eb lart\u00eb faz\u00eb zyrtare spanjisht ver\u00eb klasifikimet <strong>: Ver\u00eb de Pago<\/strong>, si Shoqata private <strong>Grandes Pagos de Espa\u00f1a<\/strong> (t\u00eb Madhe Pago Spanj\u00eb), \u00ebsht\u00eb e bazuar n\u00eb iden\u00eb e ver\u00eb nga nj\u00eb e vetme vreshtit \u2013 &#8220;nj\u00eb industris\u00eb s\u00eb ver\u00ebs&#8221;. Kjo \u00ebsht\u00eb ajo ku ngjashm\u00ebrit\u00eb fund dhe konfuzion fillon.\n<\/p>\n<p>\nN\u00eb vitin 2003 Spanj\u00eb futur nj\u00eb t\u00eb ri zyrtare kategoria e ver\u00ebs Ver\u00eb A de Pago, t\u00eb kuror\u00ebzuar n\u00eb krye t\u00eb klasifikimit \u2013 kategori m\u00eb lart, DOC Rioja dhe DOQ Priorat.\n<\/p>\n<p>\nNj\u00eb nga pasojat e k\u00ebtij risi ishte nj\u00eb ndalim p\u00ebr t\u00eb sapo dala familjet t\u00eb p\u00ebrdorin fjal\u00ebn &#8220;pago&#8221; n\u00eb emrat e tyre. \u00c7far\u00eb, n\u00eb p\u00ebrgjith\u00ebsi, t\u00eb r\u00ebnd\u00eb \u2013 ajo \u00ebsht\u00eb e p\u00ebrbashk\u00ebt p\u00ebr fjal\u00ebn, e cila n\u00eb spanjisht n\u00eb thelb do t\u00eb thot\u00eb nj\u00eb ngast\u00ebr t\u00eb tok\u00ebs ose vreshtit. <\/p>\n<p>\nDhe &#8220;Ver\u00eb de Pago&#8221; (Ver\u00eb de Pago), dhe &#8220;i Madh Pago Spanj\u00eb&#8221; (GPdE, Grandes Pagos de Espana) t\u00eb v\u00ebn\u00eb p\u00ebrpara nj\u00eb numri t\u00eb k\u00ebrkesave q\u00eb duhet t\u00eb plot\u00ebsojn\u00eb p\u00ebr t\u00eb mbajtur an\u00ebtar\u00ebsimin e tyre. Ata nuk jan\u00eb ekskluzive, por kryq\u00ebzimin mes tyre jan\u00eb t\u00eb rralla: <\/p>\n<p class=\"thesis\">Ka 14 Vinos de Pago dhe 30 GPdE, nd\u00ebrsa vet\u00ebm 6 fermat jan\u00eb t\u00eb p\u00ebrfshir\u00eb n\u00eb t\u00eb dyja kategorit\u00eb (t\u00eb hershme n\u00eb vitin 2015).\n <\/p>\n<p><img decoding=\"async\" src=\"\/wp-content\/uploads\/2bd35882226d2c158a18010991c404fd.jpg\" \/><\/p>\n<p>\nJu mund t\u00eb her\u00eb pas here t\u00eb d\u00ebgjuar t\u00eb pretendojn\u00eb se jo t\u00eb gjith\u00eb pronar\u00ebt e titullit &#8220;Ver\u00eb de Pago&#8221; rrept\u00ebsisht i p\u00ebrmbahet rregullave t\u00eb p\u00ebrcaktuara p\u00ebr ta.<br \/>\nNuk \u00ebsht\u00eb nj\u00eb turp n\u00eb k\u00ebt\u00eb kategori dhe se kjo \u00ebsht\u00eb nj\u00eb gj\u00eb n\u00eb vetvete, i shtyr\u00eb nga i fuqish\u00ebm prodhuesit, t\u00eb cil\u00ebt p\u00ebr arsye t\u00eb ndryshme nuk duan t\u00eb jen\u00eb t\u00eb lidhur me t\u00eb B\u00cbNI p\u00ebr t\u00eb cilat ata i p\u00ebrkasin gjeografikisht.\n<\/p>\n<p>\nNj\u00eb tjet\u00ebr penges\u00eb \u00ebsht\u00eb fakti q\u00eb shumica (jo t\u00eb gjith\u00eb, por shum\u00eb) t\u00eb tilla ferma t\u00eb b\u00ebr\u00eb ver\u00eb nd\u00ebrkomb\u00ebtare t\u00eb varieteteve t\u00eb rrushit ose varietete q\u00eb nuk jan\u00eb t\u00eb lindjes n\u00eb rajonin e tyre q\u00eb nuk i p\u00ebrshtatet n\u00eb konceptin e maksimale reflektim i terroir.\n<\/p>\n<h2>Jasht\u00eb zyrtare t\u00eb klasifikimit<\/h2>\n<p>\nM\u00eb shum\u00eb mjegull sugjeron fituar pesh\u00eb, t\u00eb prodhuesit &#8216; Shoqata e Madhe Pago espa\u00f1a \u2013 Grandes Pagos de Espana (GPdE), e cila u shfaq n\u00eb vitin 2000 si Grandes Pagos de Castilla, por q\u00eb tani p\u00ebrfshin fermat nga t\u00eb gjith\u00eb territorin e vendit.\n<\/p>\n<p>\nOrigjinal q\u00ebllim t\u00eb 8 an\u00ebtar\u00eb themelues ishin t\u00eb bashkuar p\u00ebrpjekjet p\u00ebr t\u00eb promovuar ver\u00ebrat e Castile-Leon dhe Castile-La Mancha. Megjithat\u00eb, me kalimin e koh\u00ebs ata do t\u00eb donin t\u00eb bashkohen ver\u00ebb\u00ebr\u00ebsit nga rajonet tjera, n\u00eb m\u00ebnyr\u00eb q\u00eb ata ndryshuar emrin, dhe grupi filloi t\u00eb zgjerohet.\n<\/p>\n<p>\nAkuzat jan\u00eb d\u00ebgjuar GPdE \u00ebsht\u00eb se ajo \u00ebsht\u00eb, n\u00eb fakt, \u00ebsht\u00eb nj\u00eb elite t\u00eb klubit t\u00eb ver\u00ebb\u00ebr\u00ebsit me nj\u00eb paguar an\u00ebtar\u00ebsin\u00eb. Tarif\u00eb p\u00ebr t&#8217;u bashkuar me t\u00eb v\u00ebrtet\u00eb \u00ebsht\u00eb, si vjetore t\u00eb kontributeve. Por organizata thot\u00eb se parat\u00eb shkon p\u00ebr t\u00eb Financuar marketingut dhe aktivitetet tjera q\u00eb synojn\u00eb zbatimin e objektivave t\u00eb Shoqat\u00ebs dhe p\u00ebr k\u00ebt\u00eb aktivitet ka q\u00ebllim fitimi.\n<\/p>\n<p>\n\u00c7far\u00ebdo qoft\u00eb ajo ishte, por lista e an\u00ebtar\u00ebve t\u00eb saj emra t\u00eb till\u00eb si Mas Doix nga Priorat, Vallegarcia e Castile dhe Bodega Mustiguillo Valencia.\n <\/p>\n<h2>&#8220;Pago&#8221; kriteret p\u00ebr statusin<\/h2>\n<p>\n N\u00eb m\u00ebnyr\u00eb q\u00eb t\u00eb jet\u00eb quajtur Ver\u00eb de Pago, specifike ver\u00ebs duhet t\u00eb plot\u00ebsojn\u00eb kriteret unike n\u00eb klim\u00eb dhe tok\u00eb, p\u00ebr t\u00eb siguruar q\u00eb ju jeni duke p\u00ebrdorur vet\u00ebm tyre rrushi dhe shisheve t\u00eb ver\u00ebs n\u00eb ferm\u00eb. Edhe pse i fundit mund t\u00eb jet\u00eb nj\u00eb legjitime p\u00ebrjashtime t\u00eb vogla q\u00eb komplikojn\u00eb kuptim.\n <\/p>\n<p>\nP\u00ebrve\u00e7 k\u00ebsaj, p\u00ebr t\u00eb marr\u00eb statusin e Ver\u00eb de Pago, ekonomia duhet t\u00eb pakt\u00ebn t\u00eb zgjas\u00eb 10 vjet p\u00ebr t\u00eb prodhuar e jasht\u00ebzakonshme t\u00eb ver\u00ebs q\u00eb \u00ebsht\u00eb mjaft subjektive.\n <\/p>\n<p>\nRregullat e p\u00ebrfshirjes n\u00eb list\u00ebn GPdE nuk \u00ebsht\u00eb m\u00eb pak i paqart\u00eb. Si n\u00eb rastin e Ver\u00eb de Pago, aplikuesi duhet t\u00eb jap\u00eb nj\u00eb p\u00ebrshkrim i kuptuesh\u00ebm i saj vreshtit, t\u00eb prodhimit dhe t\u00eb filozofis\u00eb, plus nj\u00eb prov\u00eb t\u00eb kaloj\u00eb vler\u00ebsimi i nj\u00eb Komitet t\u00eb ve\u00e7ant\u00eb p\u00ebr v\u00ebrtetimin e cil\u00ebsis\u00eb. Gjithashtu, ju duhet aktual i historis\u00eb i suksesin komercial dhe brohorit kritike \u2013 q\u00eb shum\u00eb do t\u00eb bien dakord, \u00ebsht\u00eb shum\u00eb subjektive.\n<\/p>\n<p>\nZhvillimi i shpejt\u00eb i GPdE kategori \u00ebsht\u00eb i qart\u00eb p\u00ebrpara zyrtare t\u00eb klasifikimit. Dhe nuk \u00ebsht\u00eb \u00e7udi, n\u00eb fillim ju mund t\u00eb merrni verarit\u00eb e Cava, Bierzo, Somontano, Rioja, Toro, etj., dhe Vinos de Pago t\u00eb kufizuara n\u00eb vet\u00ebm disa rajone, t\u00eb cilat jan\u00eb t\u00eb dominuara nga Castile-La Mancha. Kjo situat\u00eb \u00ebsht\u00eb p\u00ebr shkak t\u00eb faktit se edhe pse klas\u00ebs Ver\u00eb de Pago dhe \u00ebsht\u00eb aprovuar n\u00eb nivel shtet\u00ebror, secili rajon ka p\u00ebr t\u00eb ratifikuar at\u00eb vet\u00eb, dhe kjo ka b\u00ebr\u00eb pak.\n<\/p>\n<p>\nSi ekspert n\u00eb spanjisht ver\u00eb revista Damixhan\u00eb, problemi \u00ebsht\u00eb mungesa e ndjenj\u00ebs s\u00eb vler\u00ebs s\u00eb tyre rajon. &#8220;Un\u00eb do t\u00eb them Ver\u00eb de Pago mb\u00ebrthyer ku vendore ver\u00ebb\u00ebr\u00ebsit nuk jan\u00eb krenar\u00eb e tyre amtare appellation, p\u00ebr shembull, n\u00eb Navarra, La Mancha dhe Valencia,&#8217; thot\u00eb ai. \u2013 N\u00eb vend q\u00eb t\u00eb punojn\u00eb s\u00eb bashku p\u00ebr t\u00eb rritur nivelin e tyre amtare rajon, prodhuesit dhe politikan\u00ebt preferojn\u00eb t\u00eb krijuar nj\u00eb paqart\u00eb struktur\u00ebs ligjore, nuk p\u00ebrfshin as terroir as traditat lokale e ver\u00ebs&#8221;.\n<\/p>\n<p>\n Natyrisht, t\u00eb dyja klasat jan\u00eb t\u00eb Bashkuara nga ideja e promovimit t\u00eb ver\u00ebrat e &#8220;nj\u00eb ferm\u00eb&#8221;, por GPdE, duke mos qen\u00eb shackled me pengesat burokratike, ka m\u00eb shum\u00eb mund\u00ebsi p\u00ebr zhvillim.\n <\/p>\n<p>\nP\u00ebr shkak t\u00eb rrethanave t\u00eb p\u00ebrshkruara m\u00eb lart, ajo \u00ebsht\u00eb klasa GPdE kombinon shum\u00eb nga yjet e spanjisht ver\u00ebs, por me nj\u00eb spikatur mungesa e superstar, Vega Sicilia, Pingus dhe L&#8217;ermita, reputacioni i t\u00eb cilit \u00ebsht\u00eb i till\u00eb q\u00eb ata nuk kan\u00eb nevoj\u00eb p\u00ebr k\u00ebt\u00eb an\u00ebtar\u00ebsim. <\/p>\n<p>\nN\u00eb drejt\u00ebsi, Shoqata GPdE nuk pohuar vet\u00eb si vet\u00ebm nj\u00eb list\u00eb e mir\u00eb ver\u00ebrat e Spanj\u00ebs. Edhe pse rregullisht shprehur kolektive vizion dhe q\u00ebndrim t\u00eb unifikuar.<\/p>\n<h3>\nMe Ver\u00eb de Pago t\u00eb gjitha m\u00eb e v\u00ebshtir\u00eb<\/h3>\n<p>\nAjo duket shum\u00eb e fokusuar n\u00eb nj\u00eb unike e ver\u00ebs eko, duke punuar vet\u00ebm n\u00eb faqen e tij t\u00eb rrushit. Por vendosja e k\u00ebsaj klase si nj\u00eb nivel m\u00eb t\u00eb lart\u00eb tradicionale appellations me shekuj t\u00eb historis\u00eb \u2013 pak dekurajuese. Sidomos se kjo kategori \u00ebsht\u00eb e kufizuar vet\u00ebm n\u00eb disa ver\u00eb e prodhuar n\u00eb zonat e Spanj\u00ebs.\n<\/p>\n<p>\nMegjithat\u00eb, Tony Carrion nga Bodega Mustiguillo, \u00ebsht\u00eb nj\u00eb an\u00ebtar i dy grupeve \u2013 pasuri e El Terrerazo (Ver\u00eb de Pago + GPdE), dhe Finca Calvestra (GPdE) beson se secili ka avantazhet e tij: &#8220;Ver\u00eb de Pago se ne nuk jemi imponuar rregulla t\u00eb rrepta t\u00eb B\u00cbR\u00cb, dhe GPdE ju lejon t\u00eb m\u00eb shum\u00eb t\u00eb zhvilluar plot\u00ebsisht iden\u00eb Ver\u00eb de Pago&#8221;.<\/p>\n<p>\nAdolfo Hornos, Menaxher i P\u00ebrgjithsh\u00ebm dhe winemaker n\u00eb Vallegarcia (an\u00ebtar i GPdE), gjithashtu beson se, pavar\u00ebsisht nga rr\u00ebmuja, an\u00ebtar\u00ebsimi i t\u00eb dyja kuptim: &#8220;Ver\u00eb de Pago do t\u00eb thot\u00eb se ju jeni unik, por n\u00eb t\u00eb nj\u00ebjt\u00ebn koh\u00eb ju jan\u00eb dh\u00ebn\u00eb t\u00eb veten, ndihma nuk duhet t\u00eb prisni. Kjo \u00ebsht\u00eb p\u00ebrpar\u00ebsi GPdE e fuqishme e nd\u00ebrmarrjeve t\u00eb prodhuesve t\u00eb zhvilluar marr\u00ebdh\u00ebnie t\u00eb jashtme. N\u00eb k\u00ebt\u00eb grup kemi edhe t\u00eb bashk\u00ebpunuar, p\u00ebr t\u00eb ndar\u00eb njohurit\u00eb dhe idet\u00eb.&#8221;<\/p>\n<p>\nDeri n\u00eb nj\u00eb mas\u00eb, k\u00ebto sisteme kan\u00eb t\u00eb p\u00ebrbashk\u00ebt me t\u00eb tjera Evropiane ver\u00eb organizatat dhe klasifikime, t\u00eb tilla si Chianti Classico Gran Selezione n\u00eb Itali apo VDP n\u00eb Gjermani, edhe pse nuk mund t\u00eb kopjoni ndonj\u00eb prej tyre. <\/p>\n<h2>M\u00eb t\u00eb mir\u00eb t\u00eb ver\u00ebrave t\u00eb Spanj\u00ebs..?<\/h2>\n<p>\nKonceptit modern spanjolle &#8220;pago&#8221; n\u00eb P\u00ebrgjith\u00ebsi, fisnik \u2013 sidomos n\u00eb drejtim t\u00eb lart\u00eb t\u00eb k\u00ebrkesave (s\u00eb paku n\u00eb let\u00ebr) p\u00ebr shum\u00eb procese n\u00eb vresht dhe n\u00eb punishte.\n<\/p>\n<p>\nPor konfuzion me zbatimin u ngrit nga fillimi, kur krijuesit Ver\u00eb de Pago teklif q\u00eb ngrihet n\u00eb maj\u00eb t\u00eb gjitha spanjolle klasifikimit. Duke pasur parasysh se sa e kufizuar \u00ebsht\u00eb ende e gjeografis\u00eb n\u00eb k\u00ebt\u00eb klas\u00eb, q\u00eb ajo t\u00eb b\u00ebhet e qart\u00eb komponenti politik. <\/p>\n<p>\nE padyshimt\u00eb vlera e t\u00eb dy grupeve n\u00eb numrin e rrept\u00eb t\u00eb cil\u00ebsis\u00eb k\u00ebrkesat q\u00eb duhet t\u00eb ndiqen p\u00ebr t\u00eb fituar an\u00ebtar\u00ebsimin. I. e., konsumatori ka t\u00eb drejt\u00eb t\u00eb presin t\u00eb pakt\u00ebn q\u00eb blen me cil\u00ebsi t\u00eb lart\u00eb t\u00eb prodhimit. <\/p>\n<p>\nN\u00eb t\u00eb nj\u00ebjt\u00ebn koh\u00eb, nuk ka mbishkrimin A Ver\u00eb de Pago, ose t\u00eb sh\u00ebnuar Grandes Pagos de Espana nuk garanton q\u00eb ju t\u00eb bler\u00eb t\u00eb mir\u00eb ne mundemi, e ver\u00ebb\u00ebr\u00ebsit e Spanj\u00ebs.\n<\/p>\n<p>\nGjyqtari p\u00ebr veten tuaj: Pingus \u00ebsht\u00eb nj\u00eb ver\u00eb &#8220;n\u00eb nj\u00eb ekonomi familjare&#8221;, si Vega Sicilia Unico. Dhe sigurisht Pjetri Sisseck dhe Pablo Alvarez jan\u00eb shum\u00eb t\u00eb p\u00ebrpikt\u00eb n\u00eb \u00e7\u00ebshtjet e ver\u00ebs. N\u00eb t\u00eb nj\u00ebjt\u00ebn koh\u00eb, as nj\u00ebri as tjetri nuk jan\u00eb t\u00eb p\u00ebrfshir\u00eb n\u00eb ndonj\u00eb nga grupet. Dhe me siguri kan\u00eb di\u00e7ka p\u00ebr t\u00eb th\u00ebn\u00eb n\u00eb lidhje me Ver\u00eb de Pago si kulmi i spanjisht ver\u00ebs.<\/p>\n","protected":false},"excerpt":{"rendered":"<p>Nj\u00eb model t\u00eb nd\u00ebrlikuar Evropian ver\u00eb klasifikimet mund t\u00eb hyj\u00eb n\u00eb nj\u00eb shtangie. K\u00ebtu \u00ebsht\u00eb nj\u00eb tjet\u00ebr rrudh\u00eb n\u00eb t\u00eb rrudhur n\u00eb pasiguri&#8230;<\/p>\n","protected":false},"author":1,"featured_media":1268,"comment_status":"closed","ping_status":"closed","sticky":false,"template":"","format":"standard","meta":{"footnotes":""},"categories":[26],"tags":[],"class_list":["post-1689","post","type-post","status-publish","format-standard","has-post-thumbnail","hentry","category-informacion"],"aioseo_notices":[],"_links":{"self":[{"href":"https:\/\/vine-nn.ru\/sq\/wp-json\/wp\/v2\/posts\/1689","targetHints":{"allow":["GET"]}}],"collection":[{"href":"https:\/\/vine-nn.ru\/sq\/wp-json\/wp\/v2\/posts"}],"about":[{"href":"https:\/\/vine-nn.ru\/sq\/wp-json\/wp\/v2\/types\/post"}],"author":[{"embeddable":true,"href":"https:\/\/vine-nn.ru\/sq\/wp-json\/wp\/v2\/users\/1"}],"replies":[{"embeddable":true,"href":"https:\/\/vine-nn.ru\/sq\/wp-json\/wp\/v2\/comments?post=1689"}],"version-history":[{"count":0,"href":"https:\/\/vine-nn.ru\/sq\/wp-json\/wp\/v2\/posts\/1689\/revisions"}],"wp:featuredmedia":[{"embeddable":true,"href":"https:\/\/vine-nn.ru\/sq\/wp-json\/wp\/v2\/media\/1268"}],"wp:attachment":[{"href":"https:\/\/vine-nn.ru\/sq\/wp-json\/wp\/v2\/media?parent=1689"}],"wp:term":[{"taxonomy":"category","embeddable":true,"href":"https:\/\/vine-nn.ru\/sq\/wp-json\/wp\/v2\/categories?post=1689"},{"taxonomy":"post_tag","embeddable":true,"href":"https:\/\/vine-nn.ru\/sq\/wp-json\/wp\/v2\/tags?post=1689"}],"curies":[{"name":"wp","href":"https:\/\/api.w.org\/{rel}","templated":true}]}}