{"id":3033,"date":"2020-01-09T12:09:10","date_gmt":"2020-01-09T09:09:10","guid":{"rendered":"http:\/\/vine-nn.ru\/chateauneuf-du-pape\/"},"modified":"2020-01-09T12:09:10","modified_gmt":"2020-01-09T09:09:10","slug":"chateauneuf-du-pape","status":"publish","type":"post","link":"https:\/\/vine-nn.ru\/cs\/chateauneuf-du-pape\/","title":{"rendered":"Ch\u00e2teauneuf-du-Pape"},"content":{"rendered":"<p>\nCh\u00e2teauneuf-du-Pape (Ch\u00e2teauneuf-du-Pape) \u2013 historick\u00e1 vesnice mezi m\u011bsty Orange a Avignon v ji\u017en\u00ed \u010d\u00e1sti francouzsk\u00e9 \u00dadol\u00ed Rhony. Je zn\u00e1m\u00e1 sv\u00fdmi v\u00fdkonn\u00fdmi, pln\u00e1 \u010derven\u00fdmi v\u00edny p\u0159ev\u00e1\u017en\u011b z hrozn\u016f odr\u016fd klasick\u00e9ho &#8222;\u0440\u043e\u043d\u0441\u043a\u043e\u0433\u043e slune\u010dn\u00ed clona&#8220;: grenache, syrah a \u043c\u0443\u0440\u0432\u0435\u0434\u0440.\n <\/p>\n<p>    <img decoding=\"async\" src=\"\/wp-content\/uploads\/e2e0bd10f1d6650b4f322cff383b6af6.jpg\" \/><\/p>\n<p>\nDrtiv\u00e1 v\u011bt\u0161ina \u010derven\u00fdch v\u00edn tohoto \u0430\u043f\u0435\u043b\u043b\u0430\u0441\u044c\u043e\u043d\u0430 jsou vyrobeny ze zm\u00edn\u011bn\u00e9 trojice odr\u016fd, i kdy\u017e je povolen\u00fdch zde je jen 18, mezi nimi\u017e jsou jak \u010derven\u00e9, tak b\u00edl\u00e9.\n<\/p>\n<p>\nNa m\u00edstn\u00edch vinic\u00edch m\u00ed\u010d vl\u00e1dne grenache. V t\u00e9 \u010di on\u00e9 m\u00ed\u0159e je p\u0159\u00edtomen v ka\u017ed\u00e9 l\u00e1hvi \u010derven\u00e9ho v\u00edna Ch\u00e2teauneuf, a mnoho z nich jsou vyrobeny v\u00fdhradn\u011b z t\u00e9to odr\u016fdy. Zde grenache projevuje lep\u0161\u00ed, ne\u017e v jak\u00e9mkoli jin\u00e9m francouzsk\u00e9m regionu, vytv\u00e1\u0159\u00ed ovocn\u00e1 kytice z \u0434\u0436\u0435\u043c\u043e\u0432\u044b\u0445 t\u00f3ny \u010derven\u00fdch plod\u016f a vysok\u00e9 potenci\u00e1ln\u00ed alkohol.\n<\/p>\n<p>\nN\u00e1sleduj\u00edc\u00ed d\u016fle\u017eitosti jdou odr\u016fdy syrah a \u043c\u0443\u0440\u0432\u0435\u0434\u0440. Syrah se l\u00e9pe da\u0159\u00ed v chladn\u011bj\u0161\u00edch oblastech. To d\u00e1v\u00e1 v\u00ednu strukturu a t\u00f3ny ko\u0159en\u00ed. \u0421\u043e\u043b\u043d\u0446\u0435\u043b\u044e\u0431\u0438\u0432\u044b\u0439, \u043f\u043e\u0437\u0434\u043d\u0435\u0441\u043e\u0437\u0440\u0435\u0432\u0430\u044e\u0449\u0438\u0439 \u043c\u0443\u0440\u0432\u0435\u0434\u0440 je odhaleno jen na tepl\u00fdch a such\u00fdch vinic\u00edch. On odpov\u00ed, \u0431\u043b\u0435\u043d\u0434\u0430\u0445 hloubku a odst\u00edn ho\u0159k\u00e9 \u010dokol\u00e1dy.\n<\/p>\n<p>\n\u041a\u0443\u043d\u0443\u0430\u0437 \u2013 jedin\u00fd druh krom\u011b klasick\u00e9 trojice, kter\u00fd se p\u011bstuje zde znateln\u00e9 mno\u017estv\u00ed.\n<\/p>\n<p>\nOstatn\u00ed \u2013 \u0441\u0435\u043d\u0441\u043e (Cinsaut), \u043c\u044e\u0441\u043a\u0430\u0440\u0434\u0430\u043d (Muscardin), \u043f\u0438\u043a\u043f\u0443\u043b\u044c noir (Picpoul Noir), terre noire (Terret Noir), \u0432\u0430\u043a\u0430\u0440\u0435\u0437 (Vaccarese) \u2013 rostou ve velmi omezen\u00e9m rozsahu.\n<\/p>\n<p>\nCh\u00e2teauneuf-du-Pape produkuje a b\u00edl\u00e9 v\u00edno: syt\u00e9, \u043f\u043e\u043b\u043d\u043e\u0442\u0435\u043b\u044b\u0435, s jasn\u00fdm v\u00fdraznou v\u016fn\u00ed. Surovinou pro n\u011b slou\u017e\u00ed jako hrub\u00e9 odr\u016fdy z ji\u017en\u00ed Francie, p\u0159edev\u0161\u00edm grenache blanc, \u0440\u0443\u0441\u0430\u043d (Roussanne), \u043a\u043b\u0435\u0440\u0435\u0442 (Clairette) a \u0431\u0443\u0440\u0431\u0443\u043b\u0435\u043d\u043a (Bourboulenc). Doplnit je mohou prakticky nezn\u00e1m\u00e9 mimo ji\u017en\u00ed Francie \u043a\u043b\u0435\u0440\u0435\u0442 rose, grenache gris, \u043f\u0438\u043a\u0430\u0440\u0434\u0430\u043d, \u043f\u0438\u043a\u043f\u0443\u043b\u044c blanc, \u043f\u0438\u043a\u043f\u0443\u043b\u044c gris.\n<\/p>\n<p>\nP\u016fdy okol\u00ed Ch\u00e2teauneuf-du-Pape \u2013 sm\u011bs p\u00edsku a obl\u00e1zk\u016f, co je obecn\u011b charakteristick\u00fd pro ji\u017en\u00ed polovinu \u00dadol\u00ed Rh\u00f4ny. Jsou tvo\u0159eny p\u0159ev\u00e1\u017en\u011b \u0440\u0443\u0441\u043b\u0430\u043c\u0438 d\u00e1vn\u00fdch \u0159ek z r\u016fzn\u00fdch historick\u00fdch obdob\u00ed. M\u011bsto s jeho vinice se nach\u00e1z\u00ed na v\u00fdchodn\u00ed stran\u011b \u0159eky Rhony.\n<\/p>\n<p>\nTypick\u00e9 vinice Ch\u00e2teauneuf posypan\u00e9 zaoblen\u00fdmi \u0431\u0443\u043b\u044b\u0436\u043d\u0438\u043a\u0430\u043c\u0438 \u2013 &#8222;\u0433\u0430\u043b\u0435\u0442\u0430\u043c\u0438&#8220; (galets), jejich\u017e m\u011bkk\u00e9 tvary kontrastuj\u00ed s k\u0159ivkami \u043f\u0435\u0440\u0435\u043a\u0440\u0443\u0447\u0435\u043d\u043d\u044b\u043c\u0438 \u0441\u0442\u0432\u043e\u043b\u0430\u043c\u0438 r\u00e9vy.<\/p>\n<p><img decoding=\"async\" src=\"\/wp-content\/uploads\/3e733a8684c7d733ff77f2d065642b39.jpg\" \/><\/p>\n<p class=\"thesis\">\n Velk\u00e1 obl\u00e1zkov\u00e1 a \u043a\u0443\u0441\u0442\u043e\u0432\u044b\u0435 r\u00e9vy odr\u016fdy grenache \u2013 ryze \u017eivotn\u00ed vinic Ch\u00e2teauneuf-du-Pape.\n<\/p>\n<p>\nKlima je zde st\u0159edomo\u0159sk\u00e9 a velmi such\u00e9. Ch\u00e2teauneuf-du-Pape \u2013 nejv\u00edce such\u00e9 ze v\u0161ech \u0430\u043f\u0435\u043b\u043b\u0430\u0441\u044c\u043e\u043d\u043e\u0432 Rh\u00f4ny. P\u0159i tomto, zavla\u017eov\u00e1n\u00ed b\u011bhem vegeta\u010dn\u00edho obdob\u00ed je zde p\u0159\u00edsn\u011b zak\u00e1z\u00e1no. V extr\u00e9mn\u00edch p\u0159\u00edpadech vina\u0159 mus\u00ed po\u017e\u00e1dat o zvl\u00e1\u0161tn\u00ed rozli\u0161en\u00edm francouzsk\u00e9ho regul\u00e1tora pro zavla\u017eov\u00e1n\u00ed vinic.\n<\/p>\n<p>\nCh\u00e2teauneuf-du-Pape doslovn\u011b znamen\u00e1 &#8222;nov\u00fd hrad pape\u017ee&#8220; a reaguje ozv\u011bny z minulosti \u2013 z po\u010d\u00e1tku 14 stolet\u00ed, kdy Avignon byl vybr\u00e1n jako pape\u017esk\u00e9 rezidence. Pape\u017e pak byl Klement V, jeho\u017e jm\u00e9no z\u00edskala i presti\u017en\u00ed Chateau Pape Clement (Ch\u00e2teau Pape Cl\u00e9ment) v \u0431\u043e\u0440\u0434\u043e\u0441\u043a\u043e\u043c oblasti Sauternes.\n<\/p>\n<p>\nNicm\u00e9n\u011b jako vinn\u00fd jm\u00e9nem slavn\u00e9 historie Ch\u00e2teauneuf m\u00e1 m\u00e9n\u011b stolet\u00ed. Do za\u010d\u00e1tku 20\u0433\u043e stolet\u00ed m\u00edstn\u00ed v\u00edna \u0431\u0435\u0437\u044b\u043c\u044f\u043d\u043d\u043e sdru\u017euj\u00ed s v\u00edny z Avignonu. V\u0161e se zm\u011bnilo v 1920\u0445, kdy\u017e baron Pierre Le Roy de Boiseaumari\u00e9 \u2013 majitel Z\u00e1mku \u0424\u043e\u0440\u0442\u0438\u0430, zn\u00e1m\u00fd jako Baron Le Roi, sestavil seznam pravidel pro zaji\u0161t\u011bn\u00ed kvality v\u00fdroby m\u00edstn\u00edch v\u00edn \u2013 dokument, kter\u00fd se stal p\u0159edobrazem slavn\u00e9 syst\u00e9mu francouzsk\u00fdch \u0430\u043f\u0435\u043b\u043b\u0430\u0441\u044c\u043e\u043d\u043e\u0432.<br \/>\nForm\u00e1ln\u00ed zpracov\u00e1n\u00ed \u0430\u043f\u0435\u043b\u043b\u0430\u0441\u044c\u043e\u043d\u0430 Ch\u00e2teauneuf-du-Pape se to stalo v \u010dervnu roku 1929, se stal jedn\u00edm z prvn\u00edch v zemi. Dodnes z\u016fst\u00e1v\u00e1 v\u010detn\u011b presti\u017en\u00edch vina\u0159sk\u00fdch zna\u010dek.\n<\/p>\n<p>\nVesnice Ch\u00e2teauneuf-du-Pape je zn\u00e1m\u00fd tak\u00e9 \u043a\u0443\u0440\u044c\u0435\u0437\u043d\u044b\u043c z\u00e1konem 1950\u0445, zakazuj\u00edc\u00edm rozp\u011bt\u00ed a p\u0159ist\u00e1n\u00ed &#8222;l\u00e9taj\u00edc\u00ed \u0431\u043b\u044e\u0434\u0435\u0446&#8220; a &#8222;l\u00e9taj\u00edc\u00edch doutn\u00edk\u016f&#8220; na jeho \u00fazem\u00ed.\n<\/p>\n<p><img decoding=\"async\" src=\"\/wp-content\/uploads\/6675ec848e429e8c338e6f86645581d4.jpg\" \/><\/p>\n<p class=\"remark\">\u0424\u043e\u0442\u043e\u0436\u0430\u0431\u0430 na t\u00e9ma l\u00e9taj\u00edc\u00edch tal\u00ed\u0159\u016f Ch\u00e2teauneuf<\/p>\n<p>\nD\u016fvodem tohoto fra\u0161kovit\u00e9ho z\u00e1kona se stal incident v obdob\u00ed studen\u00e9 v\u00e1lky, kdy\u017e vzn\u00e1\u0161ej\u00edc\u00ed se nad vinicemi vzducholo\u010f \u043f\u0435\u0440\u0435\u043f\u0443\u0433\u0430\u043b m\u00edstn\u00ed obyvatelstvo, m\u00e1lem vyvolalo paniku.\n<\/p>\n<p>Zdroj: port\u00e1l wine-searcher.com<\/p>\n","protected":false},"excerpt":{"rendered":"<p>Ch\u00e2teauneuf-du-Pape (Ch\u00e2teauneuf-du-Pape) \u2013 historick\u00e1 vesnice mezi m\u011bsty Orange a Avignon v ji\u017en\u00ed \u010d\u00e1sti francouzsk\u00e9 \u00dadol\u00ed Rhony. Je zn\u00e1m\u00e1 sv\u00fdmi v\u00fdkonn\u00fdmi, pln\u00e1 \u010derven\u00fdmi v\u00edny&#8230;<\/p>\n","protected":false},"author":1,"featured_media":1268,"comment_status":"closed","ping_status":"closed","sticky":false,"template":"","format":"standard","meta":{"footnotes":""},"categories":[52],"tags":[],"class_list":["post-3033","post","type-post","status-publish","format-standard","has-post-thumbnail","hentry","category-informace"],"aioseo_notices":[],"_links":{"self":[{"href":"https:\/\/vine-nn.ru\/cs\/wp-json\/wp\/v2\/posts\/3033","targetHints":{"allow":["GET"]}}],"collection":[{"href":"https:\/\/vine-nn.ru\/cs\/wp-json\/wp\/v2\/posts"}],"about":[{"href":"https:\/\/vine-nn.ru\/cs\/wp-json\/wp\/v2\/types\/post"}],"author":[{"embeddable":true,"href":"https:\/\/vine-nn.ru\/cs\/wp-json\/wp\/v2\/users\/1"}],"replies":[{"embeddable":true,"href":"https:\/\/vine-nn.ru\/cs\/wp-json\/wp\/v2\/comments?post=3033"}],"version-history":[{"count":0,"href":"https:\/\/vine-nn.ru\/cs\/wp-json\/wp\/v2\/posts\/3033\/revisions"}],"wp:featuredmedia":[{"embeddable":true,"href":"https:\/\/vine-nn.ru\/cs\/wp-json\/wp\/v2\/media\/1268"}],"wp:attachment":[{"href":"https:\/\/vine-nn.ru\/cs\/wp-json\/wp\/v2\/media?parent=3033"}],"wp:term":[{"taxonomy":"category","embeddable":true,"href":"https:\/\/vine-nn.ru\/cs\/wp-json\/wp\/v2\/categories?post=3033"},{"taxonomy":"post_tag","embeddable":true,"href":"https:\/\/vine-nn.ru\/cs\/wp-json\/wp\/v2\/tags?post=3033"}],"curies":[{"name":"wp","href":"https:\/\/api.w.org\/{rel}","templated":true}]}}