{"id":3008,"date":"2020-01-09T11:58:28","date_gmt":"2020-01-09T08:58:28","guid":{"rendered":"http:\/\/vine-nn.ru\/valencie\/"},"modified":"2020-01-09T11:58:28","modified_gmt":"2020-01-09T08:58:28","slug":"valencie","status":"publish","type":"post","link":"https:\/\/vine-nn.ru\/cs\/valencie\/","title":{"rendered":"Valencie"},"content":{"rendered":"<p>\n    <strong>Valencie<\/strong> (Valencia) je jedno ze 17 autonomn\u00edch spole\u010denstv\u00ed \u0160pan\u011blska, v\u00edce zn\u00e1m\u00e9 svou \u043f\u0430\u044d\u043b\u044c\u0435\u0439 a pomeran\u010di, ne\u017e v\u00edna. Nach\u00e1z\u00ed se na slunn\u00e9m v\u00fdchodn\u00edm pob\u0159e\u017e\u00ed zem\u011b, hrani\u010d\u00ed s \u041a\u0430\u0442\u0430\u043b\u043e\u043d\u0438\u0435\u0439 na severu a \u041c\u0443\u0440\u0441\u0438\u0435\u0439 na jihu.\n<\/p>\n<p><img decoding=\"async\" src=\"\/wp-content\/uploads\/2de6e1f7b1c5c9964e185093056632bc.jpg\" \/><\/p>\n<p>Administrativn\u00ed centrum ve Valencii nese stejn\u00fd n\u00e1zev a je hlavn\u00ed p\u0159\u00edstavn\u00ed m\u011bsto, t\u0159et\u00ed nejv\u011bt\u0161\u00ed populace ve \u0160pan\u011blsku.\n <\/p>\n<p>Archeologick\u00e9 d\u016fkazy sv\u011bd\u010d\u00ed o existenci vina\u0159stv\u00ed v regionu ji\u017e v\u00edce ne\u017e 1000 let zp\u011bt, ale obzvl\u00e1\u0161t\u011b prominentn\u00ed roli na vinn\u00e9 map\u011b sv\u011bta Valencie nikdy nehr\u00e1l. V dohledn\u00e9 minulosti se zde v\u00edce zam\u011b\u0159it na mno\u017estv\u00ed ne\u017e na kvalit\u011b v\u00edna. I kdy\u017e te\u010f tam jsou pokusy o zm\u011bnu situace.<\/p>\n<h2>\u0410\u043f\u0435\u043b\u043b\u0430\u0441\u044c\u043e\u043d\u044b a geografie<\/h2>\n<p>\n Krom\u011b spole\u010dn\u00e9ho region\u00e1ln\u00edho \u0430\u043f\u0435\u043b\u043b\u0430\u0441\u044c\u043e\u043d\u0430 <b>Valencia DO<\/b>, na \u00fazem\u00ed regionu se nach\u00e1z\u00ed subregion\u00e1ln\u00ed Utiel-Requena DO a Alicante DO. A tak\u00e9 zde pro\u010d-to je \u00fazem\u00ed, opr\u00e1vn\u011bn\u00ed pro v\u00fdrobu \u0161umiv\u00fdch v\u00edn Cava DO.\n <\/p>\n<p>Celkov\u00fd \u0430\u043f\u0435\u043b\u043b\u0430\u0441\u044c\u043e\u043d DO Valencia, kter\u00e9 pokr\u00fdvaj\u00ed p\u0159ibli\u017en\u011b 13000 ha vinic, geograficky se skl\u00e1d\u00e1 ze dvou nerovn\u00e9 \u010d\u00e1sti:<\/p>\n<ul>\n<li>Men\u0161\u00ed \u2013 \u041a\u043b\u0430\u0440\u0438\u043d\u043e (Clarino) \u2013 spo\u010d\u00edv\u00e1 v severn\u00ed okraj z\u00f3ny Alicante Alicante DO). Zde vl\u00e1dnou &#8222;masit\u00e9&#8220; \u010derven\u00e1 v\u00edna z odr\u016fd \u043c\u043e\u043d\u0430\u0441\u0442\u0440\u0435\u043b\u044c, tempranillo, cabernet sauvignon a merlot.<\/li>\n<li>V\u011bt\u0161ina zb\u00fdvaj\u00edc\u00ed \u00fazem\u00ed, na kter\u00e9m se nach\u00e1z\u00ed p\u0159ev\u00e1\u017en\u00e1 \u010d\u00e1st vinic ve Valencii. Ona odch\u00e1z\u00ed do vnitrozem\u00ed poloostrova a spo\u010d\u00edv\u00e1 v \u0418\u0431\u0435\u0440\u0438\u0439\u0441\u043a\u0443\u044e horsk\u00e9 h\u0159ebeny.\n<\/li>\n<\/ul>\n<p>\nJe to geograficky. A pokud jde o vina\u0159stv\u00ed, Valencia je mo\u017en\u00e9 rozd\u011blit na t\u0159i sub-z\u00f3ny:<\/p>\n<li>Alto Turia (Alto Turia), kter\u00fd se nach\u00e1z\u00ed asi 70 kilometr\u016f severov\u00fdchodn\u011b od m\u011bsta Valencie. Jak vypl\u00fdv\u00e1 z n\u00e1zvu, je to \u00fazem\u00ed, ve vy\u0161\u0161\u00edch nadmo\u0159sk\u00fdch v\u00fd\u0161k\u00e1ch, kter\u00e9 jsou soust\u0159ed\u011bny kolem horn\u00edch \u00fasek\u016f \u0159eky Turia. M\u00edstn\u00ed vinice rostou v nadmo\u0159sk\u00fdch v\u00fd\u0161k\u00e1ch od 700 do 1100 metr\u016f nad mo\u0159em, co\u017e d\u011bl\u00e1 Alto Turia samotn\u00e9 v\u00fd\u0161kov\u00e9 a chladn\u00e9, z \u0441\u0443\u0431\u0437\u043e\u043d DO Valencia. Tak\u017ee, to je nejv\u00edce vhodn\u00fd pro v\u00fdrobu such\u00fdch b\u00edl\u00fdch v\u00edn. Zde p\u0159eva\u017euj\u00ed odr\u016fdy \u043c\u0430\u043a\u0430\u0431\u0435\u043e a m\u00edstn\u00ed \u043c\u0435\u0440\u0441\u0435\u0433\u0435\u0440\u0430 (Merseguera).<\/li>\n<li>\n Po proudu \u0159eky Turia le\u017e\u00ed druh\u00e1 vina\u0159sk\u00e1 z\u00f3na, zn\u00e1m\u00e9 sv\u00fdmi sladk\u00fdmi v\u00edny \u041c\u043e\u0441\u043a\u0430\u0442\u0435\u043b\u044c de Valencia (Moscatel de Valencia). Vinice le\u017e\u00ed zde v nadmo\u0159sk\u00fdch v\u00fd\u0161k\u00e1ch od 150 do 400 metr\u016f. I kdy\u017e je zde pon\u011bkud teplej\u0161\u00ed ne\u017e v Alto Turia, vinic pom\u00e1h\u00e1 chladn\u00fd v\u00e1nek od st\u0159edozemn\u00edho mo\u0159e. Na z\u00e1klad\u011b vynikaj\u00edc\u00edch m\u00edstn\u00edch dezertn\u00ed v\u00edna le\u017e\u00ed alexandrie muscat.<\/li>\n<li>\n Na v\u00fdchodn\u00edm okraji \u00fadol\u00ed \u0159eky Turia se nach\u00e1z\u00ed z\u00f3na Valentino (Valentino), kde \u0161k\u00e1la vyr\u00e1b\u011bn\u00fdch v\u00edn je podstatn\u011b \u0161ir\u0161\u00ed, ne\u017e u soused\u016f. M\u00edstn\u00ed b\u00edl\u00e9 d\u011blaj\u00ed z \u043c\u0430\u043a\u0430\u0431\u0435\u043e a \u043c\u0435\u0440\u0441\u0435\u0433\u0435\u0440\u0430, tak i z mezin\u00e1rodn\u00ed chardonnay a \u0441\u0435\u043c\u0438\u0439\u043e\u043d (semillon). V \u010derven\u00fdch dominuj\u00ed \u0433\u0430\u0440\u043d\u0430\u0447\u0430 (grenache), tempranillo, cabernet sauvignon a merlot.<\/li>\n<h2>Styly v\u00edna<\/h2>\n<p>\n Tradi\u010dn\u00ed vinn\u00fd portfolio Valencie se skl\u00e1d\u00e1 z \u0161irok\u00e9 \u0161k\u00e1ly v\u00edn od leh\u010d\u00edch \u010derven\u00fdch, b\u00edl\u00fdch a r\u016f\u017eov\u00fdch, a\u017e t\u011b\u017ek\u00fdch \u010derven\u00fdch pod maso a lik\u00e9rov\u00e1 muscadine.\n <\/p>\n<p>K dne\u0161n\u00edmu dni nemohu alokovat n\u011bjak\u00fd styl v\u00edna, typick\u00e9 pro Valencii obecn\u011b. Je v\u0161ak patrn\u00fd trend ke zv\u00fd\u0161en\u00ed produkce kvalitn\u00edch v\u00edn, m\u00edsto \u0431\u0430\u043b\u043a\u043e\u0432\u044b\u0445, na nich\u017e je region specializoval podstatnou \u010d\u00e1st 20 stolet\u00ed. Hled\u00e1n\u00ed stylu strhne se zde v t\u00e9ma nasycen\u00fdch ovocn\u00fdch \u010derven\u00fdch v\u00edn na z\u00e1klad\u011b odr\u016fdy \u043c\u043e\u043d\u0430\u0441\u0442\u0440\u0435\u043b\u044c. \u0158ada vina\u0159stv\u00ed v proudu modern\u00edch spot\u0159ebitelsk\u00fdch preferenc\u00ed produkuj\u00ed \u010derstv\u00e9 \u010derven\u00e9 s \u010dasy z\u00e1v\u011brky v dub\u011b. <\/p>\n<p>Zdroj: wine-searcher.com \/\u010cervenec 2019 <\/p>\n","protected":false},"excerpt":{"rendered":"<p>Valencie (Valencia) je jedno ze 17 autonomn\u00edch spole\u010denstv\u00ed \u0160pan\u011blska, v\u00edce zn\u00e1m\u00e9 svou \u043f\u0430\u044d\u043b\u044c\u0435\u0439 a pomeran\u010di, ne\u017e v\u00edna. Nach\u00e1z\u00ed se na slunn\u00e9m v\u00fdchodn\u00edm pob\u0159e\u017e\u00ed&#8230;<\/p>\n","protected":false},"author":1,"featured_media":1268,"comment_status":"closed","ping_status":"closed","sticky":false,"template":"","format":"standard","meta":{"footnotes":""},"categories":[52],"tags":[],"class_list":["post-3008","post","type-post","status-publish","format-standard","has-post-thumbnail","hentry","category-informace"],"aioseo_notices":[],"_links":{"self":[{"href":"https:\/\/vine-nn.ru\/cs\/wp-json\/wp\/v2\/posts\/3008","targetHints":{"allow":["GET"]}}],"collection":[{"href":"https:\/\/vine-nn.ru\/cs\/wp-json\/wp\/v2\/posts"}],"about":[{"href":"https:\/\/vine-nn.ru\/cs\/wp-json\/wp\/v2\/types\/post"}],"author":[{"embeddable":true,"href":"https:\/\/vine-nn.ru\/cs\/wp-json\/wp\/v2\/users\/1"}],"replies":[{"embeddable":true,"href":"https:\/\/vine-nn.ru\/cs\/wp-json\/wp\/v2\/comments?post=3008"}],"version-history":[{"count":0,"href":"https:\/\/vine-nn.ru\/cs\/wp-json\/wp\/v2\/posts\/3008\/revisions"}],"wp:featuredmedia":[{"embeddable":true,"href":"https:\/\/vine-nn.ru\/cs\/wp-json\/wp\/v2\/media\/1268"}],"wp:attachment":[{"href":"https:\/\/vine-nn.ru\/cs\/wp-json\/wp\/v2\/media?parent=3008"}],"wp:term":[{"taxonomy":"category","embeddable":true,"href":"https:\/\/vine-nn.ru\/cs\/wp-json\/wp\/v2\/categories?post=3008"},{"taxonomy":"post_tag","embeddable":true,"href":"https:\/\/vine-nn.ru\/cs\/wp-json\/wp\/v2\/tags?post=3008"}],"curies":[{"name":"wp","href":"https:\/\/api.w.org\/{rel}","templated":true}]}}