{"id":2999,"date":"2020-01-09T11:55:03","date_gmt":"2020-01-09T08:55:03","guid":{"rendered":"http:\/\/vine-nn.ru\/ribera-del-duero\/"},"modified":"2020-01-09T11:55:03","modified_gmt":"2020-01-09T08:55:03","slug":"ribera-del-duero","status":"publish","type":"post","link":"https:\/\/vine-nn.ru\/cs\/ribera-del-duero\/","title":{"rendered":"Ribera del Duero"},"content":{"rendered":"<p><img decoding=\"async\" src=\"\/wp-content\/uploads\/c32abe8f1d3e8dbd0740f76dbee4e9aa.png\" \/><\/p>\n<p>\n     <strong>Ribera del Duero<\/strong> (Ribera del Duero) \u2013 v\u00fdznamn\u00e1 vina\u0159sk\u00e1 oblast v regionu Kastilie a Le\u00f3n v severn\u00edm \u0160pan\u011blsku. Je zn\u00e1m\u00e1 sv\u00fdmi kvalitn\u00edmi \u010derven\u00fdmi such\u00fdmi v\u00edny na z\u00e1klad\u011b odr\u016fdy tempranillo, v\u010detn\u011b sv\u011btov\u011b proslul\u00e9 &#8222;Vega Sicilia \u0423\u043d\u0438\u043a\u043e&#8220; a &#8222;\u041f\u0438\u043d\u0433\u0443\u0441&#8220;.\n <\/p>\n<p>\nHlavn\u00ed m\u011bsto Ribera del Duero \u2013 star\u00e9 m\u011bsto Aranda del Duero, v n\u011bm\u017e se dochovaly antick\u00e9 podzemn\u00ed sklepy pro skladov\u00e1n\u00ed v\u00edna (\u0431\u043e\u0434\u0435\u0433\u0438). S\u00ed\u0165 je pr\u016fchoz\u00ed tunely odch\u00e1z\u00ed do 12 metr\u016f hloubky.\n <\/p>\n<p>\nI p\u0159es svou dlouhou \u0432\u0438\u043d\u043e\u0434\u0435\u043b\u044c\u0447\u0435\u0441\u043a\u0443\u044e historii, ofici\u00e1ln\u00ed status \u0434\u0435\u043d\u043e\u043c\u0438\u043d\u0430\u0441\u044c\u043e\u043d\u0430 (DO) region dostal jen v roce 1982. Sou\u010dasn\u011b byl vytvo\u0159en a odpov\u00eddaj\u00edc\u00ed spr\u00e1vn\u00ed Rada (Consejo Regulador) \u2013 org\u00e1n, regula\u010dn\u00ed rozsah vina\u0159stv\u00ed p\u0159i stejn\u00e9m \u0434\u0435\u043d\u043e\u043c\u0438\u043d\u0430\u0441\u044c\u043e\u043d\u0430\u0445. Pak v \u043a\u043b\u0430\u0441\u0441\u0438\u0444\u0438\u0446\u0438\u0440\u043e\u0432\u0430\u043d\u043d\u0443\u044e kategorii jsou p\u0159ihl\u00e1\u0161eni jen 9 vina\u0159stv\u00ed. Dnes je ji\u017e 270.\n <\/p>\n<p>\nRibera del Duero \u2013 doslovn\u011b &#8222;pob\u0159e\u017e\u00ed Duero&#8220; \u2013 se nach\u00e1z\u00ed na severn\u00ed ploch\u00e9 vrchoviny Pyrenejsk\u00e9ho poloostrova, ve v\u00fd\u0161ce 800 m nad mo\u0159em. Prot\u00ednaj\u00edc\u00ed region \u0159eka Duero z\u00e1sobuje m\u00edstn\u00ed vinice nezbytnou \u00farove\u0148 vlhkosti.\n <\/p>\n<p>\n\u0412\u043d\u0443\u0442\u0440\u0438\u043c\u0430\u0442\u0435\u0440\u0438\u043a\u043e\u0432\u043e\u0435 um\u00edst\u011bn\u00ed spolu s \u0437\u0430\u0433\u0440\u0430\u0436\u0434\u0430\u044e\u0449\u0438\u043c \u00fa\u010dinkem poho\u0159\u00ed Sierra de la \u0414\u0435\u043c\u0430\u043d\u0434\u0430 (Sierra de la Demanda) a Sierra de \u0413\u0432\u0430\u0434\u0430\u0440\u0440\u0430\u043c\u0430 (Sierra de Guadarrama) vytv\u00e1\u0159ej\u00ed extr\u00e9mn\u00ed klimatick\u00e9 podm\u00ednky, v nich\u017e hork\u00e9, such\u00e9 l\u00e9to st\u0159\u00edd\u00e1 krut\u00e1 zima. Teploty se mohou pohybovat v rozmez\u00ed od -18\u00b0 do +40\u00b0 c a zimn\u00ed a jarn\u00ed mrazy, kter\u00e9 p\u0159edstavuj\u00ed skute\u010dnou hrozbu vina\u0159stv\u00ed.\n <\/p>\n<p>\nVe stejn\u00e9 dob\u011b, kombinace vysok\u00fdch denn\u00edch teplot s v\u00fdrazn\u011b vy\u0161\u0161\u00ed studen\u00fdch no\u010dn\u00edch v obdob\u00ed zr\u00e1n\u00ed vytv\u00e1\u0159ej\u00ed p\u0159\u00edzniv\u00e9 podm\u00ednky pro optim\u00e1ln\u00ed \u0444\u0435\u043d\u043e\u043b\u044c\u043d\u043e\u0433\u043e st\u00e1rnut\u00ed plod\u016f a akumulace bohatou sadu aromatick\u00fdch prekurzor\u016f (v\u00fdchoz\u00edch l\u00e1tek, z nich\u017e pak vych\u00e1zej\u00ed buket v\u00edna).\n <\/p>\n<p>\n\u0421\u043c\u0435\u043d\u044f\u044e\u0449\u0438\u0435 navz\u00e1jem sloje b\u00edl\u00fd v\u00e1penec, v\u00e1penn\u00e9 hl\u00edny a mela pod svrchn\u00ed vrstvou bahna a hl\u00edny p\u0159id\u00e1vaj\u00ed slo\u017eitost m\u00edstn\u00edho vinu.\n <\/p>\n<p class=\"thesis\">\nP\u0159edn\u00ed v\u00fdrobce v regionu \u2013 \u0411\u043e\u0434\u0435\u0433\u0430\u0441 Vega Sicilia (Bodegas Vega Sicilia), kter\u00fd hurik\u00e1n vloupal na sv\u011btov\u00fd vinn\u00fd trh se sv\u00fdm v\u00ednem &#8222;\u0423\u043d\u0438\u043a\u043e&#8220; (Unico).\n <\/p>\n<p><img decoding=\"async\" src=\"\/wp-content\/uploads\/cac930aed1b0727e6655cbdb34704781.png\" \/><\/p>\n<p>\nTinto \u041f\u0435\u0441\u043a\u0435\u0440\u0430 (Tinto Pesquera) \u2013 je\u0161t\u011b jeden u\u0161lechtil\u00fd zna\u010dka, kter\u00e1 je vytvo\u0159ena nejzn\u00e1m\u011bj\u0161\u00edm \u0432\u0438\u043d\u043e\u0434\u0435\u043b\u043e\u043c regionu Alejandro \u0424\u0435\u0440\u043d\u0430\u043d\u0434\u0435\u0441\u043e\u043c (Alejandro Fernandez).\n <\/p>\n<p>\n\u00dasp\u011bch t\u011bchto dvou zna\u010dek vedla m\u00edstn\u00edch v\u00fdrobc\u016f, aby svou mysl od masov\u00e9 v\u00fdroby r\u016f\u017eov\u00e9ho v\u00edna a praxe prodeje sv\u00e9ho \u0432\u0438\u043d\u043e\u043c\u0430\u0442\u0435\u0440\u0438\u0430\u043b\u0430 hlavn\u00ed \u043a\u043e\u043e\u043f\u0435\u0440\u0430\u0442\u0438\u0432\u0430\u043c a p\u0159ej\u00edt na vytvo\u0159en\u00ed vysoce kvalitn\u00edch \u010derven\u00fdch v\u00edn.\n <\/p>\n<p class=\"thesis\">\nZ velk\u00fdch \u00fasp\u011bch\u016f, a to lze tak\u00e9 nazvat \u0414\u043e\u043c\u0438\u043d\u0438\u043e de \u041f\u0438\u043d\u0433\u0443\u0441 (Dominio de Pingus), \u043e\u0431\u043e\u0433\u043d\u0430\u0432\u0448\u0435\u0433\u043e Vega Sicilia v \u017eeb\u0159\u00ed\u010dku nejdra\u017e\u0161\u00edch v\u00edn ve \u0160pan\u011blsku, a Emilio Moro (Emilio Moro).\n <\/p>\n<p><img decoding=\"async\" src=\"\/wp-content\/uploads\/d1aa04ec7d7c321d0ddeda85a9cb225b.png\" \/><\/p>\n<p>\nDnes Ribera del Duero, t\u00e9m\u011b\u0159 pln\u011b v\u011bnoval se \u010derven\u00e9 v\u00edno, a tempranillo vede zde na n\u00e1m\u011bst\u00ed vinic. Zde tato odr\u016fda je tak\u00e9 zn\u00e1m\u00e1 jako tinto fino (Tinto Fino) nebo tinta del \u043f\u0430\u0438\u0441 (Tinta del Pais).\n <\/p>\n<p>\nStar\u00e9 r\u00e9vy tempranillo \u2013 chloubou a vizitkou regionu. 25-letn\u00ed r\u00e9vy tvo\u0159\u00ed t\u00e9m\u011b\u0159 35% v\u0161ech vykl\u00e1dk\u00e1ch. A takov\u00fd v\u011bk znamen\u00e1 dob\u0159e vyvinut\u00fd ko\u0159en, aby se do v\u011bt\u0161\u00ed hloubky, kter\u00e9 umo\u017e\u0148uje nejen vinn\u00e9 r\u00e9vy sehnat v\u0161e pot\u0159ebn\u00e9 pro p\u0159e\u017eit\u00ed v obt\u00ed\u017en\u00fdch podm\u00ednk\u00e1ch, ale tak\u00e9 nen\u00e1padn\u00e9 a stabiln\u011bj\u0161\u00ed v\u00fdnos, ve srovn\u00e1n\u00ed s mlad\u00fdm hrozny.\n<\/p>\n<p class=\"thesis\">\nTempranillo z Ribera del Duero, \u2013 toto v\u00edno je syt\u00e9 barvy, s robustn\u00ed t\u0159\u00edslovinou a slo\u017eit\u00e1 v\u016fn\u011b s t\u00f3ny moru\u0161e a ostru\u017ein. V\u011bt\u0161ina \u0161pi\u010dkov\u00fdch vzork\u016f dokonale \u0432\u044b\u0434\u0435\u0440\u0436\u0438\u0432\u0430\u044e\u0442\u0441\u044f let, hled\u00e1n\u00ed v\u016fn\u011b tepl\u00e9ho ko\u0159en\u00ed, k\u016f\u017ee a tab\u00e1kov\u00e9ho listu.\n <\/p>\n<p>\nPodle pravidel DO tempranillo by m\u011bla b\u00fdt v m\u00edstn\u00edch \u010derven\u00fdch v\u00edn minim\u00e1ln\u011b 75%. Bilance v kytici dos\u00e1hnout p\u0159id\u00e1n\u00edm odr\u016fd merlot, cabernet sauvignon a malbec (jejich Vega Sicilia pou\u017eila ve sv\u00fdch v\u00ednech ji\u017e p\u0159ed v\u00edce ne\u017e 100 lety) a a\u017e 5% je p\u0159\u00edpustn\u00e9 p\u0159idat \u0430\u043b\u044c\u0431\u0438\u043b\u044c\u043e nebo \u0433\u0430\u0440\u043d\u0430\u0447\u0438.\n <\/p>\n<p>\n\u0413\u0430\u0440\u043d\u0430\u0447\u0430 se pou\u017e\u00edv\u00e1 hlavn\u011b pro v\u00fdrobu m\u00edstn\u00edch r\u016f\u017eov\u00fdch. N\u011bkte\u0159\u00ed v\u00fdrobci experimentuj\u00ed s p\u0159id\u00e1n\u00edm na sv\u00e9 \u010derven\u00e9 slune\u010dn\u00ed clona dal\u0161\u00edch tradi\u010dn\u00edch \u0431\u043e\u0440\u0434\u043e\u0441\u043a\u0438\u0445 odr\u016fd, krom\u011b v\u00fd\u0161e uveden\u00fdch.\n <\/p>\n<p>\n\u0410\u043b\u044c\u0431\u0438\u043b\u044c\u043e \u2013 jedin\u00e1 b\u00edl\u00e1 odr\u016fda, \u0432\u044b\u0440\u0430\u0449\u0438\u0432\u0430\u0435\u043c\u044b\u0439 v Ribera del Duero. Z n\u011bj ned\u011blaj\u00ed inzer\u00e1t jak DO Ribera del Duero v\u00edno pro m\u00edstn\u00ed spot\u0159ebu. A tak\u00e9 pou\u017e\u00edvaj\u00ed ve velmi mal\u00e9m mno\u017estv\u00ed pro uvol\u0148ov\u00e1n\u00ed t\u011b\u017ek\u00fdch klasifikovan\u00fdch \u010derven\u00fdch.\n <\/p>\n<p>Zdroj: port\u00e1l Wine-Searcher <\/p>\n","protected":false},"excerpt":{"rendered":"<p>Ribera del Duero (Ribera del Duero) \u2013 v\u00fdznamn\u00e1 vina\u0159sk\u00e1 oblast v regionu Kastilie a Le\u00f3n v severn\u00edm \u0160pan\u011blsku. Je zn\u00e1m\u00e1 sv\u00fdmi kvalitn\u00edmi \u010derven\u00fdmi&#8230;<\/p>\n","protected":false},"author":1,"featured_media":1268,"comment_status":"closed","ping_status":"closed","sticky":false,"template":"","format":"standard","meta":{"footnotes":""},"categories":[52],"tags":[],"class_list":["post-2999","post","type-post","status-publish","format-standard","has-post-thumbnail","hentry","category-informace"],"aioseo_notices":[],"_links":{"self":[{"href":"https:\/\/vine-nn.ru\/cs\/wp-json\/wp\/v2\/posts\/2999","targetHints":{"allow":["GET"]}}],"collection":[{"href":"https:\/\/vine-nn.ru\/cs\/wp-json\/wp\/v2\/posts"}],"about":[{"href":"https:\/\/vine-nn.ru\/cs\/wp-json\/wp\/v2\/types\/post"}],"author":[{"embeddable":true,"href":"https:\/\/vine-nn.ru\/cs\/wp-json\/wp\/v2\/users\/1"}],"replies":[{"embeddable":true,"href":"https:\/\/vine-nn.ru\/cs\/wp-json\/wp\/v2\/comments?post=2999"}],"version-history":[{"count":0,"href":"https:\/\/vine-nn.ru\/cs\/wp-json\/wp\/v2\/posts\/2999\/revisions"}],"wp:featuredmedia":[{"embeddable":true,"href":"https:\/\/vine-nn.ru\/cs\/wp-json\/wp\/v2\/media\/1268"}],"wp:attachment":[{"href":"https:\/\/vine-nn.ru\/cs\/wp-json\/wp\/v2\/media?parent=2999"}],"wp:term":[{"taxonomy":"category","embeddable":true,"href":"https:\/\/vine-nn.ru\/cs\/wp-json\/wp\/v2\/categories?post=2999"},{"taxonomy":"post_tag","embeddable":true,"href":"https:\/\/vine-nn.ru\/cs\/wp-json\/wp\/v2\/tags?post=2999"}],"curies":[{"name":"wp","href":"https:\/\/api.w.org\/{rel}","templated":true}]}}